{"id":23056,"date":"2024-08-18T08:10:00","date_gmt":"2024-08-18T12:10:00","guid":{"rendered":"https:\/\/www.semanariolocal.cl\/?p=23056"},"modified":"2024-08-18T00:18:50","modified_gmt":"2024-08-18T04:18:50","slug":"se-adelantaron-las-alergias-estacionales","status":"publish","type":"post","link":"https:\/\/www.semanariolocal.cl\/?p=23056","title":{"rendered":"Se adelantaron las alergias estacionales\u00a0"},"content":{"rendered":"\n<p>\u201cCuando los d\u00edas empiezan a ser m\u00e1s calurosos, los \u00e1rboles, que no tienen un calendario a mano, creen que lleg\u00f3 la primavera y empiezan a polinizar\u201d, explica el Dr. Pedro Astudillo, broncopulmonar de Cl\u00ednica INDISA. \u201cEsta es la principal raz\u00f3n de por qu\u00e9 en la segunda quincena de agosto y, en este caso, un poquito antes, pueden haber ya algunas personas que est\u00e1n reaccionando con las alergias\u201d, agrega.<\/p>\n\n\n\n<p>En estos \u00faltimos d\u00edas, no solo han aumentado las temperaturas, sino que tambi\u00e9n lo han hecho los casos de alergia estacional. Se les llama as\u00ed porque las reacciones son producto de un factor ambiental y temporal. Estas manifestaciones al\u00e9rgicas ocurren cuando el sistema inmunol\u00f3gico identifica err\u00f3neamente sustancias inofensivas como amenazas, lo que provoca s\u00edntomas desagradables.<\/p>\n\n\n\n<p>&nbsp;Seg\u00fan la Organizaci\u00f3n Mundial de la Salud (OMS), las alergias constituyen la cuarta enfermedad m\u00e1s relevante a nivel mundial, y se prev\u00e9 que para 2050 m\u00e1s de la mitad de la poblaci\u00f3n las padecer\u00eda.<\/p>\n\n\n\n<p><strong>\u00bfPor qu\u00e9 se adelantan las alergias?<\/strong><\/p>\n\n\n\n<p>Cambios en la dieta, exposici\u00f3n a desencadenantes o, incluso, el cambio clim\u00e1tico, pueden ser posibles explicaciones de este adelanto. El aumento de las temperaturas y la mayor concentraci\u00f3n de CO2 en la atm\u00f3sfera prolongan la temporada de polinizaci\u00f3n de muchas plantas, lo que expone a las personas al\u00e9rgicas a al\u00e9rgenos durante m\u00e1s tiempo.<\/p>\n\n\n\n<p>Por otra parte, la creciente urbanizaci\u00f3n y la contaminaci\u00f3n atmosf\u00e9rica pueden agravar los s\u00edntomas al\u00e9rgicos. La poblaci\u00f3n est\u00e1 cada vez m\u00e1s expuesta a al\u00e9rgenos desde edades tempranas, lo que incrementa la sensibilidad y probabilidad de desarrollar alergias.<\/p>\n\n\n\n<p><strong>S\u00edntomas<\/strong><\/p>\n\n\n\n<p>El broncopulmonar de Cl\u00ednica INDISA advierte que las alergias pueden tener un impacto significativo en la calidad de vida de quienes las padecen. \u201cTanto el sue\u00f1o como las actividades diarias pueden verse interferidas\u201d, plantea.&nbsp;<\/p>\n\n\n\n<p>Los s\u00edntomas, que pueden variar en intensidad de persona a persona, suelen incluir:<\/p>\n\n\n\n<ul class=\"wp-block-list\">\n<li>Estornudos frecuentes.<\/li>\n\n\n\n<li>Congesti\u00f3n (nariz tapada).<\/li>\n\n\n\n<li>Picaz\u00f3n en los ojos, nariz y garganta.<\/li>\n\n\n\n<li>Lagrimeo.<\/li>\n\n\n\n<li>Goteo nasal posterior.<\/li>\n\n\n\n<li>Fatiga.<\/li>\n\n\n\n<li>Dificultad para concentrarse.<\/li>\n\n\n\n<li>Dolor de cabeza.<\/li>\n\n\n\n<li>En casos m\u00e1s severos, las alergias pueden desencadenar asma o sinusitis.<\/li>\n<\/ul>\n\n\n\n<p><strong>\u00bfResfr\u00edo o alergia?<\/strong><\/p>\n\n\n\n<p>Si bien el Dr. Pedro Astudillo admite que el resfriado y las alergias tienen s\u00edntomas similares, garantiza que s\u00ed se pueden diferenciar.&nbsp;<\/p>\n\n\n\n<p>\u201cLas alergias, a diferencia de los resfr\u00edos que son puntuales, se producen por un tiempo prolongado, puedes estar una semana con los mismos s\u00edntomas\u201d, precisa el Dr. Pedro Astudillo. Sin embargo, esa no es la \u00fanica forma de reconocerlos:&nbsp;<\/p>\n\n\n\n<figure class=\"wp-block-table is-style-stripes\"><table class=\"has-fixed-layout\"><thead><tr><th><\/th><th><\/th><th><\/th><\/tr><\/thead><tbody><tr><td><strong>S\u00edntoma<\/strong><\/td><td><strong>Alergia<\/strong><\/td><td><strong>Resfriado<\/strong><\/td><\/tr><tr><td>Estornudos<\/td><td>Frecuentes<\/td><td>Frecuentes<\/td><\/tr><tr><td>Congesti\u00f3n nasal<\/td><td>S\u00ed<\/td><td>S\u00ed<\/td><\/tr><tr><td>Picaz\u00f3n en ojos, nariz y garganta<\/td><td>S\u00ed<\/td><td>No<\/td><\/tr><tr><td>Mucosidad nasal<\/td><td>Clara y acuosa<\/td><td>Espesa, puede cambiar de color<\/td><\/tr><tr><td>Fiebre<\/td><td>No<\/td><td>S\u00ed<\/td><\/tr><tr><td>Dolor de cuerpo<\/td><td>No<\/td><td>S\u00ed<\/td><\/tr><tr><td>Ganglios linf\u00e1ticos inflamados<\/td><td>No<\/td><td>S\u00ed<\/td><\/tr><\/tbody><\/table><\/figure>\n\n\n\n<p><strong>\u00bfC\u00f3mo combatirlas?<\/strong><\/p>\n\n\n\n<p>\u201cEs dif\u00edcil cambiar la naturaleza\u201d, evidencia el Dr. Pedro Astudillo. \u201cSin embargo, s\u00ed hay ciertas cosas que podemos hacer para sentirnos mejor\u201d, a\u00f1ade.<\/p>\n\n\n\n<ul class=\"wp-block-list\">\n<li>Medicamentos como antihistam\u00ednicos, descongestionantes y corticosteroides nasales.<\/li>\n\n\n\n<li>Evitar los al\u00e9rgenos que puedan desencadenar s\u00edntomas.<\/li>\n\n\n\n<li>Mantener los ambientes limpios y cambiar con frecuencia los filtros del aire acondicionado.<\/li>\n\n\n\n<li>Cerrar las ventanas en d\u00edas de mucho polen.<\/li>\n\n\n\n<li>Utilizar gafas de sol para proteger los ojos.<\/li>\n<\/ul>\n\n\n\n<p>Por \u00faltimo, el Dr. Astudillo aconseja consultar a un broncopulmonar o un otorrino.&nbsp;<\/p>\n","protected":false},"excerpt":{"rendered":"<p>Seg\u00fan la OMS, las alergias son la cuarta enfermedad m\u00e1s relevante a nivel mundial, y se prev\u00e9 que para 2050 m\u00e1s de la mitad de la poblaci\u00f3n las padecer\u00eda.<\/p>\n","protected":false},"author":1,"featured_media":23057,"comment_status":"closed","ping_status":"closed","sticky":false,"template":"","format":"standard","meta":{"footnotes":""},"categories":[3,2484],"tags":[2118,337,273,247,133],"class_list":["post-23056","post","type-post","status-publish","format-standard","has-post-thumbnail","hentry","category-al-dia","category-salud","tag-semanariolocal","tag-informacion","tag-noticias","tag-region-de-los-lagos","tag-semanario-local"],"_links":{"self":[{"href":"https:\/\/www.semanariolocal.cl\/index.php?rest_route=\/wp\/v2\/posts\/23056","targetHints":{"allow":["GET"]}}],"collection":[{"href":"https:\/\/www.semanariolocal.cl\/index.php?rest_route=\/wp\/v2\/posts"}],"about":[{"href":"https:\/\/www.semanariolocal.cl\/index.php?rest_route=\/wp\/v2\/types\/post"}],"author":[{"embeddable":true,"href":"https:\/\/www.semanariolocal.cl\/index.php?rest_route=\/wp\/v2\/users\/1"}],"replies":[{"embeddable":true,"href":"https:\/\/www.semanariolocal.cl\/index.php?rest_route=%2Fwp%2Fv2%2Fcomments&post=23056"}],"version-history":[{"count":1,"href":"https:\/\/www.semanariolocal.cl\/index.php?rest_route=\/wp\/v2\/posts\/23056\/revisions"}],"predecessor-version":[{"id":23058,"href":"https:\/\/www.semanariolocal.cl\/index.php?rest_route=\/wp\/v2\/posts\/23056\/revisions\/23058"}],"wp:featuredmedia":[{"embeddable":true,"href":"https:\/\/www.semanariolocal.cl\/index.php?rest_route=\/wp\/v2\/media\/23057"}],"wp:attachment":[{"href":"https:\/\/www.semanariolocal.cl\/index.php?rest_route=%2Fwp%2Fv2%2Fmedia&parent=23056"}],"wp:term":[{"taxonomy":"category","embeddable":true,"href":"https:\/\/www.semanariolocal.cl\/index.php?rest_route=%2Fwp%2Fv2%2Fcategories&post=23056"},{"taxonomy":"post_tag","embeddable":true,"href":"https:\/\/www.semanariolocal.cl\/index.php?rest_route=%2Fwp%2Fv2%2Ftags&post=23056"}],"curies":[{"name":"wp","href":"https:\/\/api.w.org\/{rel}","templated":true}]}}