{"id":23053,"date":"2024-08-18T08:15:00","date_gmt":"2024-08-18T12:15:00","guid":{"rendered":"https:\/\/www.semanariolocal.cl\/?p=23053"},"modified":"2024-08-18T00:10:19","modified_gmt":"2024-08-18T04:10:19","slug":"humanidades-una-selfie-de-si-mismo","status":"publish","type":"post","link":"https:\/\/www.semanariolocal.cl\/?p=23053","title":{"rendered":"Humanidades: una\u00a0selfie\u00a0de s\u00ed mismo"},"content":{"rendered":"\n<p>Permiten a las personas mostrar c\u00f3mo se ven, c\u00f3mo se sienten y c\u00f3mo desean ser percibidas en un momento espec\u00edfico. Capturan la magia, el color, el movimiento y la perspectiva de una imagen que parece hablar por mil palabras. \u00a0La <em>selfie<\/em>, a pesar de su popularidad y su capacidad para capturar momentos en un instante, carece de un ingrediente fundamental que permita captar la esencia de nuestro ser m\u00e1s profundo. Aunque puede ser una herramienta para mostrar alegr\u00eda, entusiasmo y experiencias memorables, la <em>selfie<\/em> por s\u00ed sola no puede reflejar el verdadero peso de nuestras vivencias, las luchas internas que enfrentamos, ni el crecimiento personal que atravesamos.<\/p>\n\n\n\n<p>A diferencia de la profundidad de la experiencia humana que va con nosotros a donde vamos, la <em>selfie<\/em> es un fragmento superficial que puede ense\u00f1ar lo que somos, pero tambi\u00e9n ocultar lo que tememos; aunque puede brillar en la luz del momento, no tiene el poder intr\u00ednseco de iluminar los rincones m\u00e1s oscuros de nuestra existencia. No importa cu\u00e1n bien se posicione la c\u00e1mara, cu\u00e1ntos filtros se apliquen, ni cu\u00e1ntos emojis sonrientes se agreguen; la imagen capturada puede ser una representaci\u00f3n externa de lo que valida o invalida lo queremos mostrar al mundo.<\/p>\n\n\n\n<p>Por ello, el verdadero ingrediente que falta en una <em>selfie<\/em> es la \u201chumanidad\u201d del protagonista: su vulnerabilidad y autenticidad. La <em>selfie<\/em> puede capturar un momento significativo, pero no puede comunicar la complejidad y la profundidad de la experiencia humana. Las emociones y las historias que llevamos dentro, nuestras luchas internas y el verdadero significado detr\u00e1s de nuestros actos, no se pueden reducir a una imagen est\u00e1tica. El mayor complemento a la imagen externa que capturamos en una <em>selfie<\/em> est\u00e1 en la imagen interior que las humanidades nos proporcionan.<\/p>\n\n\n\n<p>A trav\u00e9s de la filosof\u00eda, la literatura y otras disciplinas, podemos explorar nuestra identidad m\u00e1s all\u00e1 de la epidermis y comprender nuestra verdadera esencia. Las humanidades nos proporcionan el conocimiento necesario para enfrentar nuestras luchas internas y vivir una vida m\u00e1s aut\u00e9ntica. Conocerse a uno mismo es el primer paso para descubrir nuestras capacidades y el valor intr\u00ednseco que poseemos como seres humanos. S\u00f3crates, afirmaba que \u201cuna vida no examinada no merece ser vivida\u201d y Arist\u00f3teles, por su parte, subray\u00f3 que \u201cel hombre m\u00e1s poderoso es aquel que es totalmente due\u00f1o de s\u00ed mismo\u201d. La capacidad de dominar nuestras pasiones y entender nuestros deseos es crucial para tomar decisiones sabias y evitar errores repetidos. \u00a1Vivan las <em>selfies<\/em>! si en sus colores y formas capturan un sutil gui\u00f1o de nuestra imagen interior. \u00a1Vivan las <em>selfies<\/em>! si reflejan genuinamente lo que somos a pesar de un mal enfoque. \u00a1Me gusta!<\/p>\n\n\n\n<p><strong>Guillermo Tobar Loyola &#8211; <\/strong>Director Nacional de Formaci\u00f3n Integral &#8211; Universidad San Sebasti\u00e1n<\/p>\n","protected":false},"excerpt":{"rendered":"<p>Las selfies son una expresi\u00f3n moderna que intenta servir como una forma de autoexpresi\u00f3n y de afirmaci\u00f3n de la propia identidad. <\/p>\n","protected":false},"author":1,"featured_media":23054,"comment_status":"closed","ping_status":"closed","sticky":false,"template":"","format":"standard","meta":{"footnotes":""},"categories":[3302,3,7],"tags":[2118,3409,337,273,247,133],"class_list":["post-23053","post","type-post","status-publish","format-standard","has-post-thumbnail","hentry","category-academia","category-al-dia","category-opinion","tag-semanariolocal","tag-guillermo-tobar-loyola","tag-informacion","tag-noticias","tag-region-de-los-lagos","tag-semanario-local"],"_links":{"self":[{"href":"https:\/\/www.semanariolocal.cl\/index.php?rest_route=\/wp\/v2\/posts\/23053","targetHints":{"allow":["GET"]}}],"collection":[{"href":"https:\/\/www.semanariolocal.cl\/index.php?rest_route=\/wp\/v2\/posts"}],"about":[{"href":"https:\/\/www.semanariolocal.cl\/index.php?rest_route=\/wp\/v2\/types\/post"}],"author":[{"embeddable":true,"href":"https:\/\/www.semanariolocal.cl\/index.php?rest_route=\/wp\/v2\/users\/1"}],"replies":[{"embeddable":true,"href":"https:\/\/www.semanariolocal.cl\/index.php?rest_route=%2Fwp%2Fv2%2Fcomments&post=23053"}],"version-history":[{"count":1,"href":"https:\/\/www.semanariolocal.cl\/index.php?rest_route=\/wp\/v2\/posts\/23053\/revisions"}],"predecessor-version":[{"id":23055,"href":"https:\/\/www.semanariolocal.cl\/index.php?rest_route=\/wp\/v2\/posts\/23053\/revisions\/23055"}],"wp:featuredmedia":[{"embeddable":true,"href":"https:\/\/www.semanariolocal.cl\/index.php?rest_route=\/wp\/v2\/media\/23054"}],"wp:attachment":[{"href":"https:\/\/www.semanariolocal.cl\/index.php?rest_route=%2Fwp%2Fv2%2Fmedia&parent=23053"}],"wp:term":[{"taxonomy":"category","embeddable":true,"href":"https:\/\/www.semanariolocal.cl\/index.php?rest_route=%2Fwp%2Fv2%2Fcategories&post=23053"},{"taxonomy":"post_tag","embeddable":true,"href":"https:\/\/www.semanariolocal.cl\/index.php?rest_route=%2Fwp%2Fv2%2Ftags&post=23053"}],"curies":[{"name":"wp","href":"https:\/\/api.w.org\/{rel}","templated":true}]}}