{"id":2305,"date":"2021-10-07T13:13:19","date_gmt":"2021-10-07T16:13:19","guid":{"rendered":"https:\/\/www.semanariolocal.cl\/?p=2305"},"modified":"2021-10-07T13:13:20","modified_gmt":"2021-10-07T16:13:20","slug":"crisis-hidrica-relevancia-del-problema-en-consejo-asesor-de-indap","status":"publish","type":"post","link":"https:\/\/www.semanariolocal.cl\/?p=2305","title":{"rendered":"Crisis H\u00eddrica: relevancia del problema en consejo asesor de INDAP"},"content":{"rendered":"\n<p style=\"font-size:17px\">Emergencia h\u00eddrica y la consiguiente sequ\u00eda que afecta a gran parte del territorio nacional, adem\u00e1s del presupuesto 2022 y la Pol\u00edtica Nacional de Desarrollo Rural, fueron los puntos centrales abordados durante la Mesa de Coordinaci\u00f3n del Consejo Asesor Regional (CAR) de INDAP, instancia que se reuni\u00f3 en Santiago. El encuentro fue encabezado por Amelia Mu\u00f1oz, presidenta del CAR Valpara\u00edso y coordinadora de esta instancia, y cont\u00f3 con la participaci\u00f3n de la ministra de Agricultura, Mar\u00eda Emilia Undurraga, y del director nacional de INDAP, Carlos Recondo.<\/p>\n\n\n\n<p style=\"font-size:17px\">En la reuni\u00f3n se abordaron las medidas inmediatas que el ministerio de Agricultura e INDAP han implementado en apoyo de la peque\u00f1a agricultura para enfrentar la emergencia h\u00eddrica y las acciones futuras para dar soluci\u00f3n a los peque\u00f1os productores que eventualmente enfrentar\u00e1n escasez h\u00eddrica y deber\u00e1n iniciar procesos de reconversi\u00f3n productiva.<\/p>\n\n\n\n<p style=\"font-size:17px\">La ministra Mar\u00eda Emilia Undurraga relev\u00f3 lo positivo volver a encontrarse y conversar con personas que muestran esp\u00edritu de colaboraci\u00f3n y aporte al bienestar com\u00fan. \u201cEs dif\u00edcil emprender caminos solos en la ruralidad, pero cuando lo hacemos juntos, coordinados y a trav\u00e9s del di\u00e1logo, podemos ir resolviendo los m\u00faltiples desaf\u00edos y problem\u00e1ticas. Esta conversaci\u00f3n es parte de eso\u201d, dijo. La titular del agro agreg\u00f3 que este proceso no termina con esta reuni\u00f3n: \u201ces un camino de di\u00e1logo, de encuentro y cooperaci\u00f3n para poder continuar en este apoyo a la Agricultura Familiar Campesina que es el coraz\u00f3n de nuestro Chile Rural y fundamental cuando hoy pensamos en el Chile que queremos para el futuro tambi\u00e9n con sus territorios\u201d.<\/p>\n\n\n\n<p style=\"font-size:17px\">Un segundo tema abordado fue la construcci\u00f3n del presupuesto de INDAP para 2022, las estrategias para enfrentar el alza de precios de insumos, semillas y materiales, y las medidas de adaptaci\u00f3n de los instrumentos institucionales de financiamiento a ese escenario.<\/p>\n\n\n\n<p style=\"font-size:17px\">El director nacional de INDAP expres\u00f3 \u201cque ha sido muy grato reencontrarnos presencialmente con los presidentes de los Consejos Asesores Regionales, vernos cara a cara. Por la pandemia, hace m\u00e1s de un a\u00f1o y medio que no ten\u00edamos esta opci\u00f3n\u201d; tambi\u00e9n destac\u00f3 la presencia de la ministra Undurraga en esta actividad. Carlos Recondo agreg\u00f3 que el \u201cconversar estos temas -presupuesto, medidas para enfrentar la sequ\u00eda e implementaci\u00f3n de la Pol\u00edtica Nacional de Desarrollo Rural-, es algo habitual y necesario. Los usuarios del INDAP deben sentir que sus inquietudes y requerimientos llegan a las autoridades y que no s\u00f3lo se presentan y escuchan, sino que se procesan, se responden y resuelven. Es la forma de trabajar, una manera participativa\u201d. Coment\u00f3 adem\u00e1s que las inquietudes de los usuarios est\u00e1n en l\u00ednea con los programas y prioridades que INDAP implementa: \u201cel presupuesto de INDAP para 2022, en sinton\u00eda con el \u00e9nfasis del gobierno central, prioriza los requerimientos m\u00e1s urgentes de la agricultura como los efectos de la sequ\u00eda, la necesidad de agua y tecnificar el riego para enfrentar los efectos que el cambio clim\u00e1tico genera en la agricultura\u201d.<\/p>\n\n\n\n<p style=\"font-size:17px\">Un tercer foco de an\u00e1lisis de esta cita fue la Pol\u00edtica Nacional de Desarrollo Rural, su proceso de implementaci\u00f3n, los resultados proyectados en el mediano y largo plazo; tambi\u00e9n se revisaron los avances que la estrategia gubernamental exhibe en el \u00e1mbito de la conectividad en el mundo rural.<\/p>\n\n\n\n<p style=\"font-size:17px\">Amelia Mu\u00f1oz, coordinadora de la Mesa de Coordinaci\u00f3n CAR, enfatiz\u00f3 que tras casi dos a\u00f1os de no reunirse presencialmente fue importante encontrarse con las autoridades y conversar sobre las dificultades que enfrentan. Destac\u00f3 que un tema abordado de especial inter\u00e9s para los usuarios fue el presupuesto de INDAP y c\u00f3mo un eventual reajuste permitir\u00eda a los productores enfrentar el alza \u201cde insumos, semillas; a ra\u00edz de la pandemia todos los productos agr\u00edcolas han subido alrededor de un 40%. Nos confirmaron que se tratar\u00e1 de un presupuesto de continuidad\u201d. Sin embargo, destac\u00f3 que \u201cen el \u00e1mbito del riego las autoridades informaron un reajuste para hacer mejoras y tecnificar. Vamos a transmitir a nuestros representados que no hay rebajas ni recortes presupuestarios y que s\u00ed hay medidas de mitigaci\u00f3n para enfrentar la sequ\u00eda y la emergencia; que la Pol\u00edtica Nacional de Desarrollo Rural trae inyecci\u00f3n de recursos y nos anima porque la forma de levantar nuestro Chile Rural es haciendo estas reformas tan necesarias\u201d.<\/p>\n\n\n\n<p style=\"font-size:17px\">En esta sesi\u00f3n presencial participaron 10 de los 16 presidentes de los Consejos Asesores Regionales. Los representantes de Atacama, Coquimbo, La Araucan\u00eda, Los Lagos, Ays\u00e9n y Magallanes no pudieron asistir debido a problemas de salud y otros inconvenientes.<\/p>\n","protected":false},"excerpt":{"rendered":"<p>\u2022\tDurante la primera cita presencial de 2021 los representantes de los usuarios de INDAP expusieron ante las autoridades distintas tem\u00e1ticas de inter\u00e9s de los peque\u00f1os agricultores e intercambiaron puntos de vistas del trabajo que realizan en representaci\u00f3n de los productores atendidos por INDAP a lo largo del territorio nacional.<\/p>\n","protected":false},"author":1,"featured_media":2306,"comment_status":"closed","ping_status":"closed","sticky":false,"template":"","format":"standard","meta":{"footnotes":""},"categories":[20,3],"tags":[],"class_list":["post-2305","post","type-post","status-publish","format-standard","has-post-thumbnail","hentry","category-agro","category-al-dia"],"_links":{"self":[{"href":"https:\/\/www.semanariolocal.cl\/index.php?rest_route=\/wp\/v2\/posts\/2305","targetHints":{"allow":["GET"]}}],"collection":[{"href":"https:\/\/www.semanariolocal.cl\/index.php?rest_route=\/wp\/v2\/posts"}],"about":[{"href":"https:\/\/www.semanariolocal.cl\/index.php?rest_route=\/wp\/v2\/types\/post"}],"author":[{"embeddable":true,"href":"https:\/\/www.semanariolocal.cl\/index.php?rest_route=\/wp\/v2\/users\/1"}],"replies":[{"embeddable":true,"href":"https:\/\/www.semanariolocal.cl\/index.php?rest_route=%2Fwp%2Fv2%2Fcomments&post=2305"}],"version-history":[{"count":1,"href":"https:\/\/www.semanariolocal.cl\/index.php?rest_route=\/wp\/v2\/posts\/2305\/revisions"}],"predecessor-version":[{"id":2307,"href":"https:\/\/www.semanariolocal.cl\/index.php?rest_route=\/wp\/v2\/posts\/2305\/revisions\/2307"}],"wp:featuredmedia":[{"embeddable":true,"href":"https:\/\/www.semanariolocal.cl\/index.php?rest_route=\/wp\/v2\/media\/2306"}],"wp:attachment":[{"href":"https:\/\/www.semanariolocal.cl\/index.php?rest_route=%2Fwp%2Fv2%2Fmedia&parent=2305"}],"wp:term":[{"taxonomy":"category","embeddable":true,"href":"https:\/\/www.semanariolocal.cl\/index.php?rest_route=%2Fwp%2Fv2%2Fcategories&post=2305"},{"taxonomy":"post_tag","embeddable":true,"href":"https:\/\/www.semanariolocal.cl\/index.php?rest_route=%2Fwp%2Fv2%2Ftags&post=2305"}],"curies":[{"name":"wp","href":"https:\/\/api.w.org\/{rel}","templated":true}]}}