{"id":23047,"date":"2024-08-18T08:25:00","date_gmt":"2024-08-18T12:25:00","guid":{"rendered":"https:\/\/www.semanariolocal.cl\/?p=23047"},"modified":"2024-08-17T23:44:11","modified_gmt":"2024-08-18T03:44:11","slug":"vivir-para-trabajar-o-trabajar-para-vivir-la-importancia-del-descanso","status":"publish","type":"post","link":"https:\/\/www.semanariolocal.cl\/?p=23047","title":{"rendered":"\u00bfVivir para trabajar o trabajar para vivir? La importancia del descanso"},"content":{"rendered":"\n<p>Al ciclo constante de los d\u00edas y de las noches le acompa\u00f1a la necesidad humana de descansar despu\u00e9s del esfuerzo realizado por el trabajo encomendado -como al terminar un semestre agotador. No solo f\u00edsica sino tambi\u00e9n an\u00edmica y espiritualmente el descanso nos hace bien para retomar con nuevo br\u00edo la actividad. Sin embargo, hay circunstancias y momentos en que las labores son tan agotadoras que nos hacen desear no tener nada que hacer. En esos casos el descanso se nos presenta como un cese total de actividad y el trabajo corre el riesgo de no contribuir a nuestra humanizaci\u00f3n y perfeccionamiento.<\/p>\n\n\n\n<p>Otra cosa son los que com\u00fanmente llamamos trabaj\u00f3licos que parece que viven para trabajar y producir. Es cierto que desempe\u00f1ar una labor nos hace sentirnos \u00fatiles, pero tal sentimiento no agota el valor del trabajo <s>&nbsp;<\/s>hay muchos trabajos ocultos tremendamente valiosos. As\u00ed como tampoco debemos reducir el trabajo \u00fanicamente al remunerado. Por otro lado, tampoco el descanso es no hacer nada. Es crucial, pues, ordenar la vida para evitar estos dos extremos: el exceso de trabajo y el abuso del descanso.<\/p>\n\n\n\n<p>Dicen los fil\u00f3sofos, y en esto seguimos a Tom\u00e1s de Aquino, que el trabajo es efecto de cierta actividad. Por eso habr\u00e1 tantas labores como actividades, lo cual ampl\u00eda su espectro (manual, material, t\u00e9cnico, ps\u00edquico y espiritual) y lleva a reconocer que no todo trabajo es remunerado. Por ejemplo: meditar en el futuro o evaluar nuestras acciones diarias, el estudio responsable para aprender, ordenar y limpiar nuestra vivienda, la lectura de un libro, el cuidado de la familia y la convivencia, el cultivo del arte, de la oraci\u00f3n o incluso de la propia personalidad, son tambi\u00e9n trabajos. Y a menudo estos nos agotan m\u00e1s.<\/p>\n\n\n\n<p>\u201cEn sentido propio, descanso se opone a movimiento; y, consecuentemente, al trabajo que se realiza a partir del movimiento. Aun cuando [\u2026] se atribuya propiamente a los cuerpos, el <em>movimiento<\/em>&nbsp;tambi\u00e9n es aplicable a los seres espirituales, y en un doble aspecto. Uno, en cuanto que toda acci\u00f3n es llamada movimiento [\u2026]Otro, en cuanto que el deseo que tiende hacia algo es como un cierto movimiento\u201d (<em>Suma Teol\u00f3gica<\/em>, Ia, q. 73, a. 2, in c).<\/p>\n\n\n\n<p>Como la actividad humana se orienta a conseguir un bien y no un mal, todo trabajo debiera generar un resultado positivo y que nos perfeccione -personal o comunitariamente- con lo que adquiere un sentido especial, y como consecuencia, nos hace tener una mejor disposici\u00f3n para realizar lo que queremos conseguir. Esto es relevante pues todo trabajo tiene una dimensi\u00f3n subjetiva que, de alguna forma, nos influye y nos toca por dentro, y otra objetiva, que es el resultado visible de tal trabajo. Esto nos permite descubrir el elemento humanizador del trabajo. Si no sucede esto, quiz\u00e1s debamos examinar las razones.<\/p>\n\n\n\n<p>De manera an\u00e1loga, descansar es cesar en la actividad ordenada a cierto resultado, no el \u201cno hacer nada\u201d-, ya que, en estricto rigor, siempre estamos haciendo algo. Como \u201c[\u2026] el reposo tiene dos acepciones: una, como cese del obrar. Otra, como cumplimiento del deseo\u201d (<em>Idem<\/em>), entonces, descansar es cambiar a otra actividad que nos distrae de la anterior y que se orienta a otra cosa que nos perfecciona, o, como apunta Tom\u00e1s de Aquino, disfrutar del bien deseado y ya conseguido. Por eso el descanso perfecto se da en Dios, que es el sumo Bien, ya que los dem\u00e1s bienes no pueden satisfacernos totalmente. De ah\u00ed que descansar en Dios sea el mejor descanso, por lo que dice que: \u201cAs\u00ed como Dios descansa s\u00f3lo en s\u00ed mismo y es feliz disfrut\u00e1ndose; as\u00ed tambi\u00e9n nosotros somos felices s\u00f3lo disfrutando de Dios. Y as\u00ed tambi\u00e9n nos hace descansar en \u00c9l mismo de sus trabajos y de los nuestros\u201d (<em>Ibid<\/em>, ad 3).<\/p>\n\n\n\n<p><strong>Por Mar\u00eda Esther G\u00f3mez De Pedro &#8211; Directora nacional de Formaci\u00f3n e Identidad &#8211; Instituciones de Educaci\u00f3n Superior IES Santo Tom\u00e1s\u00a0<\/strong><\/p>\n","protected":false},"excerpt":{"rendered":"<p>Dicen los fil\u00f3sofos, y en esto seguimos a Tom\u00e1s de Aquino, que el trabajo es efecto de cierta actividad.<\/p>\n","protected":false},"author":1,"featured_media":23048,"comment_status":"closed","ping_status":"closed","sticky":false,"template":"","format":"standard","meta":{"footnotes":""},"categories":[3302,3,11,7,3265],"tags":[2118,824,337,3407,273,247,74,133],"class_list":["post-23047","post","type-post","status-publish","format-standard","has-post-thumbnail","hentry","category-academia","category-al-dia","category-educacion","category-opinion","category-psicologia","tag-semanariolocal","tag-academico","tag-informacion","tag-maria-esther-gomez-de-pedro","tag-noticias","tag-region-de-los-lagos","tag-santo-tomas-2","tag-semanario-local"],"_links":{"self":[{"href":"https:\/\/www.semanariolocal.cl\/index.php?rest_route=\/wp\/v2\/posts\/23047","targetHints":{"allow":["GET"]}}],"collection":[{"href":"https:\/\/www.semanariolocal.cl\/index.php?rest_route=\/wp\/v2\/posts"}],"about":[{"href":"https:\/\/www.semanariolocal.cl\/index.php?rest_route=\/wp\/v2\/types\/post"}],"author":[{"embeddable":true,"href":"https:\/\/www.semanariolocal.cl\/index.php?rest_route=\/wp\/v2\/users\/1"}],"replies":[{"embeddable":true,"href":"https:\/\/www.semanariolocal.cl\/index.php?rest_route=%2Fwp%2Fv2%2Fcomments&post=23047"}],"version-history":[{"count":1,"href":"https:\/\/www.semanariolocal.cl\/index.php?rest_route=\/wp\/v2\/posts\/23047\/revisions"}],"predecessor-version":[{"id":23049,"href":"https:\/\/www.semanariolocal.cl\/index.php?rest_route=\/wp\/v2\/posts\/23047\/revisions\/23049"}],"wp:featuredmedia":[{"embeddable":true,"href":"https:\/\/www.semanariolocal.cl\/index.php?rest_route=\/wp\/v2\/media\/23048"}],"wp:attachment":[{"href":"https:\/\/www.semanariolocal.cl\/index.php?rest_route=%2Fwp%2Fv2%2Fmedia&parent=23047"}],"wp:term":[{"taxonomy":"category","embeddable":true,"href":"https:\/\/www.semanariolocal.cl\/index.php?rest_route=%2Fwp%2Fv2%2Fcategories&post=23047"},{"taxonomy":"post_tag","embeddable":true,"href":"https:\/\/www.semanariolocal.cl\/index.php?rest_route=%2Fwp%2Fv2%2Ftags&post=23047"}],"curies":[{"name":"wp","href":"https:\/\/api.w.org\/{rel}","templated":true}]}}