{"id":23032,"date":"2024-08-16T23:00:53","date_gmt":"2024-08-17T03:00:53","guid":{"rendered":"https:\/\/www.semanariolocal.cl\/?p=23032"},"modified":"2024-08-16T23:00:54","modified_gmt":"2024-08-17T03:00:54","slug":"ninez-y-adolescencia-apostar-por-el-desarrollo-de-un-pais-pluralista-participativo-y-democratico","status":"publish","type":"post","link":"https:\/\/www.semanariolocal.cl\/?p=23032","title":{"rendered":"Ni\u00f1ez y Adolescencia: apostar por el desarrollo de un pa\u00eds pluralista, participativo y democr\u00e1tico"},"content":{"rendered":"\n<p>Agosto est\u00e1 cargado de simbolismos positivos y celebraciones: D\u00eda de la Dirigencia Social y Comunitaria, Mes de la Solidaridad, Mes de la Juventud, Semana de la Lactancia Materna, Mes del Coraz\u00f3n y, por supuesto, el D\u00eda de las Ni\u00f1as y Ni\u00f1os. En este \u00faltimo contexto es que el Presidente Gabriel Boric Font, junto a la Ministra de Desarrollo Social y Familia, Javiera Toro C\u00e1ceres, y a la Subsecretaria de la Ni\u00f1ez, Ver\u00f3nica Silva Villalobos, lanzaron la Pol\u00edtica Nacional de la Ni\u00f1ez y la Adolescencia, la primera de esta \u00edndole que se constituye por mandato de una ley y que es, sin lugar a dudas, un avance contundente para garantizar el bienestar de nuestras ni\u00f1as, ni\u00f1os y adolescentes (NNA) en el ejercicio pleno de sus derechos.<\/p>\n\n\n\n<p>De igual forma, se instauran niveles de priorizaci\u00f3n y articulaci\u00f3n intersectorial para alcanzar el bienestar integral de las infancias y adolescencias, de tal manera que sus protagonistas puedan crecer, aprender y desarrollarse plenamente, con el respeto a su dignidad y diversidad.<\/p>\n\n\n\n<p>Uno de los aspectos m\u00e1s interesantes de esta pol\u00edtica es el enfoque que aplica en la vinculaci\u00f3n y participaci\u00f3n efectiva de NNA, reflejado desde la gestaci\u00f3n de la iniciativa, a trav\u00e9s de di\u00e1logos en distintas partes de Chile, y en el desaf\u00edo de crear y fortalecer m\u00e1s espacios de incidencia en todos los \u00e1mbitos donde se desenvuelven las ni\u00f1as, ni\u00f1os y adolescentes del pa\u00eds. Esto implica reconocer y validar las voces de las infancias y adolescencias y su rol fundamental para el perfeccionamiento de la gesti\u00f3n del Estado.<\/p>\n\n\n\n<p>Hoy tenemos una Pol\u00edtica Nacional de la Ni\u00f1ez y la Adolescencia que, bajo un marco legal acorde a las necesidades planteadas en los espacios participativos, permite aumentar y mejorar las condiciones pol\u00edtico-institucionales para garantizar el bienestar de NNA. Esto ratifica que poner a la ni\u00f1ez y adolescencia dentro de nuestras prioridades es apostar por el desarrollo de un pa\u00eds pluralista, participativo y democr\u00e1tico.<\/p>\n\n\n\n<p><strong>Por Danitza Ortiz Viveros, seremi de Gobierno de Los Lagos.<\/strong><strong><\/strong><\/p>\n","protected":false},"excerpt":{"rendered":"<p>La Pol\u00edtica Nacional de la Ni\u00f1ez y la Adolescencia establece un plan de acci\u00f3n con estrategias de seguimiento, control y evaluaci\u00f3n de las acciones que se desarrollar\u00e1n desde distintas instituciones del Estado. <\/p>\n","protected":false},"author":1,"featured_media":23033,"comment_status":"closed","ping_status":"closed","sticky":false,"template":"","format":"standard","meta":{"footnotes":""},"categories":[3,9,7],"tags":[2118,2984,337,273,247,133],"class_list":["post-23032","post","type-post","status-publish","format-standard","has-post-thumbnail","hentry","category-al-dia","category-gobierno","category-opinion","tag-semanariolocal","tag-danitza-ortiz-viveros","tag-informacion","tag-noticias","tag-region-de-los-lagos","tag-semanario-local"],"_links":{"self":[{"href":"https:\/\/www.semanariolocal.cl\/index.php?rest_route=\/wp\/v2\/posts\/23032","targetHints":{"allow":["GET"]}}],"collection":[{"href":"https:\/\/www.semanariolocal.cl\/index.php?rest_route=\/wp\/v2\/posts"}],"about":[{"href":"https:\/\/www.semanariolocal.cl\/index.php?rest_route=\/wp\/v2\/types\/post"}],"author":[{"embeddable":true,"href":"https:\/\/www.semanariolocal.cl\/index.php?rest_route=\/wp\/v2\/users\/1"}],"replies":[{"embeddable":true,"href":"https:\/\/www.semanariolocal.cl\/index.php?rest_route=%2Fwp%2Fv2%2Fcomments&post=23032"}],"version-history":[{"count":1,"href":"https:\/\/www.semanariolocal.cl\/index.php?rest_route=\/wp\/v2\/posts\/23032\/revisions"}],"predecessor-version":[{"id":23034,"href":"https:\/\/www.semanariolocal.cl\/index.php?rest_route=\/wp\/v2\/posts\/23032\/revisions\/23034"}],"wp:featuredmedia":[{"embeddable":true,"href":"https:\/\/www.semanariolocal.cl\/index.php?rest_route=\/wp\/v2\/media\/23033"}],"wp:attachment":[{"href":"https:\/\/www.semanariolocal.cl\/index.php?rest_route=%2Fwp%2Fv2%2Fmedia&parent=23032"}],"wp:term":[{"taxonomy":"category","embeddable":true,"href":"https:\/\/www.semanariolocal.cl\/index.php?rest_route=%2Fwp%2Fv2%2Fcategories&post=23032"},{"taxonomy":"post_tag","embeddable":true,"href":"https:\/\/www.semanariolocal.cl\/index.php?rest_route=%2Fwp%2Fv2%2Ftags&post=23032"}],"curies":[{"name":"wp","href":"https:\/\/api.w.org\/{rel}","templated":true}]}}