{"id":23029,"date":"2024-08-16T12:39:20","date_gmt":"2024-08-16T16:39:20","guid":{"rendered":"https:\/\/www.semanariolocal.cl\/?p=23029"},"modified":"2024-08-16T12:39:21","modified_gmt":"2024-08-16T16:39:21","slug":"diputadas-udi-emplazan-al-presidente-boric-a-pronunciarse-por-despido-de-isabel-amor","status":"publish","type":"post","link":"https:\/\/www.semanariolocal.cl\/?p=23029","title":{"rendered":"Diputadas UDI emplazan al Presidente Boric a pronunciarse por despido de Isabel Amor"},"content":{"rendered":"\n<p>La integrante de la comisi\u00f3n de Mujeres y Equidad de G\u00e9nero de la C\u00e1mara Baja, Flor Weisse, adem\u00e1s de las diputadas de la Bancada UDI, Marta Bravo y Marlene P\u00e9rez, emplazaron al Presidente Gabriel Boric a referirse p\u00fablicamente a la pol\u00e9mica desvinculaci\u00f3n de Isabel Amor como directora del Servicio Nacional de la Mujer y la Equidad de G\u00e9nero (SernamEG) de Los R\u00edos, luego que fuera removida del cargo a los d\u00edas de haber sido nombrada a trav\u00e9s del Sistema de Alta Direcci\u00f3n P\u00fablica.<\/p>\n\n\n\n<p>Cabe recordar que a mediados de esta semana, las parlamentarias gremialistas acordaron invitar a dicha instancia a la profesional, adem\u00e1s de citar a la ministra de la cartera, Antonia Orellana, para que se refiera a las verdaderas razones detr\u00e1s del despido, luego que la ex directora acusara que fue desvinculada por la condena de su padre como encubrir en una causa sobre violaciones a los DD.HH.<\/p>\n\n\n\n<p>Sin embargo, a m\u00e1s de diez d\u00edas del despido, y dado el revuelo que tom\u00f3 el caso, Weisse, Bravo y P\u00e9rez exigieron que sea el propio Mandatario quien se refiera -en forma p\u00fablica- a la situaci\u00f3n, no s\u00f3lo considerando que algunos senadores del mismo oficialismo ya solicitaron el reintegro de Isabel Amor a sus funciones, sino que tambi\u00e9n debido a las contradicciones que han surgido estos d\u00edas.<\/p>\n\n\n\n<p>\u201cEs absolutamente inentendible que, a casi dos semanas, el Presidente Boric no haya tenido la voluntad de referirse a la grave cancelaci\u00f3n que su propia administraci\u00f3n est\u00e1 cometiendo en contra de Isabel Amor. Ha quedado bastante en evidencia, a trav\u00e9s de los mismos comunicados que el gobierno ha enviado, que la desvinculaci\u00f3n de la profesional se debi\u00f3 \u00fanica y exclusivamente a la situaci\u00f3n de su padre, culp\u00e1ndola a ella por los actos de un tercero. Por lo tanto, cuando la m\u00e1xima autoridad del pa\u00eds decide mantenerse en silencio en vez de salir a defender los derechos vulnerados de una persona, nos da a entender que est\u00e1 validando este grave matonaje\u201d, cuestionaron las UDI.<\/p>\n\n\n\n<p>Precisamente, las tres parlamentarias apuntaron a las \u201cd\u00e9biles\u201d y \u201ccontradictorias\u201d explicaciones que, a su juicio, han entregado las autoridades para tratar de justificar el despido de Isabel Amor.<\/p>\n\n\n\n<p>Por lo mismo, adem\u00e1s de emplazarlo a que se refiera p\u00fablicamente al caso, las diputadas Weisse, Bravo y P\u00e9rez tambi\u00e9n llamaron al Mandatario a evaluar la continuidad de la ministra Orellana en el cargo, reiterando que \u201ca medidas que vamos conociendo nuevos antecedentes, queda m\u00e1s en evidencia que fue la secretaria de Estado quien respald\u00f3 la decisi\u00f3n de despedir a esta profesional\u201d.<\/p>\n\n\n\n<p>\u201cEl Presidente Boric, por un m\u00ednimo de deferencia, deber\u00eda involucrarse en este caso y fijar una posici\u00f3n, aunque sea respaldando la decisi\u00f3n de su gobierno de haber desvinculado a Isabel Amor por las razones que ya todos conocemos. Pero adem\u00e1s, deber\u00eda evaluar la continuidad de la ministra Orellana, porque ha quedado bastante demostrado que s\u00f3lo est\u00e1 preocupada de defender a las mujeres con las que comparte una posici\u00f3n ideol\u00f3gica, y no de manera transversal\u201d, cuestionaron.<\/p>\n","protected":false},"excerpt":{"rendered":"<p>Flor Weisse, Marta Bravo y Marlene P\u00e9rez cuestionaron al Mandatario por no referirse a la pol\u00e9mica desvinculaci\u00f3n de la directora del SernamEG de Los R\u00edos, acusando que con su silencio \u201cnos da a entender que est\u00e1 validando este grave matonaje y acto de cancelaci\u00f3n\u201d.<\/p>\n","protected":false},"author":1,"featured_media":23030,"comment_status":"closed","ping_status":"closed","sticky":false,"template":"","format":"standard","meta":{"footnotes":""},"categories":[3,6],"tags":[2118,337,273,132,247,133],"class_list":["post-23029","post","type-post","status-publish","format-standard","has-post-thumbnail","hentry","category-al-dia","category-politica","tag-semanariolocal","tag-informacion","tag-noticias","tag-osorno","tag-region-de-los-lagos","tag-semanario-local"],"_links":{"self":[{"href":"https:\/\/www.semanariolocal.cl\/index.php?rest_route=\/wp\/v2\/posts\/23029","targetHints":{"allow":["GET"]}}],"collection":[{"href":"https:\/\/www.semanariolocal.cl\/index.php?rest_route=\/wp\/v2\/posts"}],"about":[{"href":"https:\/\/www.semanariolocal.cl\/index.php?rest_route=\/wp\/v2\/types\/post"}],"author":[{"embeddable":true,"href":"https:\/\/www.semanariolocal.cl\/index.php?rest_route=\/wp\/v2\/users\/1"}],"replies":[{"embeddable":true,"href":"https:\/\/www.semanariolocal.cl\/index.php?rest_route=%2Fwp%2Fv2%2Fcomments&post=23029"}],"version-history":[{"count":1,"href":"https:\/\/www.semanariolocal.cl\/index.php?rest_route=\/wp\/v2\/posts\/23029\/revisions"}],"predecessor-version":[{"id":23031,"href":"https:\/\/www.semanariolocal.cl\/index.php?rest_route=\/wp\/v2\/posts\/23029\/revisions\/23031"}],"wp:featuredmedia":[{"embeddable":true,"href":"https:\/\/www.semanariolocal.cl\/index.php?rest_route=\/wp\/v2\/media\/23030"}],"wp:attachment":[{"href":"https:\/\/www.semanariolocal.cl\/index.php?rest_route=%2Fwp%2Fv2%2Fmedia&parent=23029"}],"wp:term":[{"taxonomy":"category","embeddable":true,"href":"https:\/\/www.semanariolocal.cl\/index.php?rest_route=%2Fwp%2Fv2%2Fcategories&post=23029"},{"taxonomy":"post_tag","embeddable":true,"href":"https:\/\/www.semanariolocal.cl\/index.php?rest_route=%2Fwp%2Fv2%2Ftags&post=23029"}],"curies":[{"name":"wp","href":"https:\/\/api.w.org\/{rel}","templated":true}]}}