{"id":2302,"date":"2021-10-07T12:56:48","date_gmt":"2021-10-07T15:56:48","guid":{"rendered":"https:\/\/www.semanariolocal.cl\/?p=2302"},"modified":"2021-10-07T12:56:48","modified_gmt":"2021-10-07T15:56:48","slug":"recomendaciones-para-proteger-a-adultos-mayores-en-nueva-constitucion","status":"publish","type":"post","link":"https:\/\/www.semanariolocal.cl\/?p=2302","title":{"rendered":"Recomendaciones para proteger a Adultos mayores en  nueva Constituci\u00f3n"},"content":{"rendered":"\n<p style=\"font-size:17px\">Las proyecciones realizadas por el Instituto Nacional de Estad\u00edsticas indican que el n\u00famero de personas de 65 a\u00f1os y m\u00e1s para el 2035 alcanzar\u00eda el 18,9% de la poblaci\u00f3n nacional (3.993.821), mientras que para el 2050 se proyecta un total de 177 personas mayores por cada 100 menores de 15 a\u00f1os (INE, 2018).<\/p>\n\n\n\n<p style=\"font-size:17px\">En 2020, el n\u00famero de personas de 60 a\u00f1os o m\u00e1s superar\u00e1 a los ni\u00f1os menores de 5 a\u00f1os. Durante las pr\u00f3ximas tres d\u00e9cadas, se prev\u00e9 que el n\u00famero de personas mayores en todo el mundo se duplique, llegando a m\u00e1s de 1 500 millones en 2050, y el 80% de ellas vivir\u00e1 en pa\u00edses de ingresos bajos y medianos<\/p>\n\n\n\n<p style=\"font-size:17px\">Entendiendo estas cifras, y en medio de los profundos cambios sociales que atraviesa el pa\u00eds desde el a\u00f1o 2019, la <strong>Red Transdisciplinaria sobre Envejecimiento de la Universidad de Chile <\/strong>present\u00f3 el documento <strong>\u201cDerechos de las personas mayores en la nueva Constituci\u00f3n\u201d<\/strong>, el cual se enmarca en la Convenci\u00f3n Interamericana sobre la Protecci\u00f3n de los Derechos Humanos de las Personas Mayores y que busca aportar al debate nacional en la materia.<\/p>\n\n\n\n<p style=\"font-size:17px\">La iniciativa incorpora las voces de la institucionalidad, la academia y la ciudadan\u00eda en torno a los derechos de las personas mayores, todo esto contextualizado en el actual proceso constituyente que se lleva a cabo nuestro pa\u00eds. Esta instancia democr\u00e1tica abre la posibilidad de repensar los marcos normativos del conjunto de la sociedad desde la participaci\u00f3n ciudadana.&nbsp;<\/p>\n\n\n\n<p style=\"font-size:17px\">\u201cQueremos entregar una mirada al sistema de envejecimiento. Construir una voz ciudadana basada en el respeto y posicionar una nueva perspectiva del ciclo de vida, donde el proceso de envejecer sea parte de un elemento transversal al interior de la nueva Constituci\u00f3n\u201d, explic\u00f3 Pablo Riveros, Jefe de Unidad de Redes Transdiciplinarias de la Vicerrector\u00eda de Investigaci\u00f3n y Desarrollo.<\/p>\n\n\n\n<p style=\"font-size:17px\"><strong>De cara a la nueva Constituci\u00f3n<\/strong><\/p>\n\n\n\n<p style=\"font-size:17px\">El acad\u00e9mico Pablo Riveros explic\u00f3 que \u201cuno de los elementos que aparece m\u00e1s invisibilizados son las condiciones en las que se envejece en Chile. Necesitamos que la sociedad sea capaz de asumir y procurar los mejores ambientes de vida con la mayor dignidad posible, a todas las personas y eso no excluye a ning\u00fan grupo etario. Implica tener salud, educaci\u00f3n, cultura, \u00e1reas verdes, lugares de esparcimiento. Esto est\u00e1 relacionado con las condicionantes econ\u00f3micas, pero tambi\u00e9n tiene derivados en la educaci\u00f3n, en la imagen social, en la salud y son todos elementos que determinan el bienestar de los ciudadanos y las personas en nuestro pa\u00eds\u201d.&nbsp;<\/p>\n\n\n\n<p style=\"font-size:17px\">Siguiendo la huella de tratados internacionales en materia de Derechos Humanos, resulta fundamental construir normas para grupos de la poblaci\u00f3n espec\u00edficos. Para ubicar la situaci\u00f3n constitucional de las personas mayores en Chile es necesario profundizar en c\u00f3mo son entendidos y percibidos estos individuos en el texto constitucional, como objeto de protecci\u00f3n o sujeto de derecho.<\/p>\n\n\n\n<p style=\"font-size:17px\">\u201cEn la mayor\u00eda de las constituciones existentes, las personas mayores son consideradas como objeto de protecci\u00f3n. Esto significa que son individuos que deben ser amparados por el Estado, la sociedad y sus familias. Mientras sigamos, mirando a este grupo como un objeto de cuidado, al que hay que darle y asegurarle servicios y prestaciones y no como un sujeto de derecho, vamos a caer en lo asistencial. Sin duda, un escenario da\u00f1ino para su salud mental porque atenta contra un buen envejecer\u201d, explic\u00f3 <strong>Felipe Abbott, subdirector del Centro de Derechos Humanos de la Universidad de Chile.<\/strong><\/p>\n\n\n\n<p style=\"font-size:17px\">El documento constituyente elaborado por los acad\u00e9micos de la Casa de Bello se analiza la distinci\u00f3n entre estos dos conceptos, la cual radica en que el objeto no tiene consciencia de sus derechos y s\u00f3lo experimenta pasivamente las garant\u00edas que \u00e9ste le provee, mientras que el sujeto es parte activa de la construcci\u00f3n y el ejercicio de sus derechos.<\/p>\n","protected":false},"excerpt":{"rendered":"<p>Acad\u00e9micos e investigadores de la Universidad de Chile elaboraron un documento que aporta lineamientos sobre los problemas que presenta este segmento de la poblaci\u00f3n y c\u00f3mo enfrentarlos desde la Carta Magna<\/p>\n","protected":false},"author":1,"featured_media":2303,"comment_status":"closed","ping_status":"closed","sticky":false,"template":"","format":"standard","meta":{"footnotes":""},"categories":[3],"tags":[],"class_list":["post-2302","post","type-post","status-publish","format-standard","has-post-thumbnail","hentry","category-al-dia"],"_links":{"self":[{"href":"https:\/\/www.semanariolocal.cl\/index.php?rest_route=\/wp\/v2\/posts\/2302","targetHints":{"allow":["GET"]}}],"collection":[{"href":"https:\/\/www.semanariolocal.cl\/index.php?rest_route=\/wp\/v2\/posts"}],"about":[{"href":"https:\/\/www.semanariolocal.cl\/index.php?rest_route=\/wp\/v2\/types\/post"}],"author":[{"embeddable":true,"href":"https:\/\/www.semanariolocal.cl\/index.php?rest_route=\/wp\/v2\/users\/1"}],"replies":[{"embeddable":true,"href":"https:\/\/www.semanariolocal.cl\/index.php?rest_route=%2Fwp%2Fv2%2Fcomments&post=2302"}],"version-history":[{"count":1,"href":"https:\/\/www.semanariolocal.cl\/index.php?rest_route=\/wp\/v2\/posts\/2302\/revisions"}],"predecessor-version":[{"id":2304,"href":"https:\/\/www.semanariolocal.cl\/index.php?rest_route=\/wp\/v2\/posts\/2302\/revisions\/2304"}],"wp:featuredmedia":[{"embeddable":true,"href":"https:\/\/www.semanariolocal.cl\/index.php?rest_route=\/wp\/v2\/media\/2303"}],"wp:attachment":[{"href":"https:\/\/www.semanariolocal.cl\/index.php?rest_route=%2Fwp%2Fv2%2Fmedia&parent=2302"}],"wp:term":[{"taxonomy":"category","embeddable":true,"href":"https:\/\/www.semanariolocal.cl\/index.php?rest_route=%2Fwp%2Fv2%2Fcategories&post=2302"},{"taxonomy":"post_tag","embeddable":true,"href":"https:\/\/www.semanariolocal.cl\/index.php?rest_route=%2Fwp%2Fv2%2Ftags&post=2302"}],"curies":[{"name":"wp","href":"https:\/\/api.w.org\/{rel}","templated":true}]}}