{"id":2299,"date":"2021-10-07T12:54:08","date_gmt":"2021-10-07T15:54:08","guid":{"rendered":"https:\/\/www.semanariolocal.cl\/?p=2299"},"modified":"2021-10-07T12:54:08","modified_gmt":"2021-10-07T15:54:08","slug":"gobierno-regional-financiara-mas-de-10-vehiculos-policiales-para-la-provincia","status":"publish","type":"post","link":"https:\/\/www.semanariolocal.cl\/?p=2299","title":{"rendered":"Gobierno Regional financiar\u00e1 m\u00e1s de 10 veh\u00edculos policiales para la provincia"},"content":{"rendered":"\n<p style=\"font-size:17px\">Un total de 37 modernos veh\u00edculos policiales para diferentes unidades y destacamentos de diversos territorios de las 30 comunas de la regi\u00f3n ser\u00e1n las que se financiar\u00e1n con recursos del Gobierno Regional. As\u00ed lo confirm\u00f3 el consejero regional, Jos\u00e9 Luis Mu\u00f1oz y explic\u00f3 que de estas 37 m\u00e1quinas consideradas para este a\u00f1o, 11 se destinar\u00e1n a las unidades de carabineros de localidades rurales que requieren urgente la reposici\u00f3n de sus patrullas, camionetas y furgones que ya cumplieron con su vida \u00fatil.<\/p>\n\n\n\n<p style=\"font-size:17px\">Un tema que fue analizado en la \u00faltima sesi\u00f3n plenaria del Consejo Regional de Los Lagos, que es presidida por el gobernador regional, Patricio Vallespin L\u00f3pez. \u201cEs lamentable que algunas localidades tengan que ser los propios vecinos los que tengan que facilitar sus autom\u00f3viles particulares para que los polic\u00edas pueden llegar hasta los sectores donde se registran los procedimientos\u201d, coment\u00f3 Jos\u00e9 Luis Mu\u00f1oz.<\/p>\n\n\n\n<p style=\"font-size:17px\">De la misma forma la autoridad se\u00f1al\u00f3 que existe un compromiso entre el mando de Carabineros, el Gobierno Regional de los Lagos y los consejeros regionales de poner en marcha el proceso de &nbsp;reconstrucci\u00f3n de las unidades de carabineros de Misi\u00f3n San Juan, destruido a ra\u00edz de un incendio, la segunda comisar\u00eda de R\u00edo Negro&nbsp; y el cuartel ubicado en la zona costera de Bah\u00eda Mansa, que requieren con urgencia reparaciones.<\/p>\n\n\n\n<p style=\"font-size:17px\">Sin embargo, el core Mu\u00f1oz, expres\u00f3 que las autoridades de carabineros no consideraron el mejoramiento total de la subcomisar\u00eda de Purranque, la segunda comuna m\u00e1s grande de la provincia de Osorno, la que necesariamente debe ser subida de rango debido a la gran cantidad de habitantes y territorios que deben cubrir diariamente sus funcionarios.<\/p>\n\n\n\n<p style=\"font-size:17px\">Finalmente, el Core Mu\u00f1oz se refiri\u00f3 al anhelado sue\u00f1o de contar con un cuartel de carabineros en el sector de Rahue Alto Norte, con una poblaci\u00f3n que supera las 23 mil personas, debido a la construcci\u00f3n de nuevos conjuntos habitacionales. Desde hace m\u00e1s de una d\u00e9cada que carabineros no se ha manifestado a favor de esta anhelada iniciativa de los propios vecinos, vecinas y dirigentes sociales.<\/p>\n","protected":false},"excerpt":{"rendered":"<p>Junto con ello se repararan tres cuarteles policiales ubicados en las comunas de San Juan de la Costa y Purranque<\/p>\n","protected":false},"author":1,"featured_media":2300,"comment_status":"closed","ping_status":"closed","sticky":false,"template":"","format":"standard","meta":{"footnotes":""},"categories":[3],"tags":[],"class_list":["post-2299","post","type-post","status-publish","format-standard","has-post-thumbnail","hentry","category-al-dia"],"_links":{"self":[{"href":"https:\/\/www.semanariolocal.cl\/index.php?rest_route=\/wp\/v2\/posts\/2299","targetHints":{"allow":["GET"]}}],"collection":[{"href":"https:\/\/www.semanariolocal.cl\/index.php?rest_route=\/wp\/v2\/posts"}],"about":[{"href":"https:\/\/www.semanariolocal.cl\/index.php?rest_route=\/wp\/v2\/types\/post"}],"author":[{"embeddable":true,"href":"https:\/\/www.semanariolocal.cl\/index.php?rest_route=\/wp\/v2\/users\/1"}],"replies":[{"embeddable":true,"href":"https:\/\/www.semanariolocal.cl\/index.php?rest_route=%2Fwp%2Fv2%2Fcomments&post=2299"}],"version-history":[{"count":1,"href":"https:\/\/www.semanariolocal.cl\/index.php?rest_route=\/wp\/v2\/posts\/2299\/revisions"}],"predecessor-version":[{"id":2301,"href":"https:\/\/www.semanariolocal.cl\/index.php?rest_route=\/wp\/v2\/posts\/2299\/revisions\/2301"}],"wp:featuredmedia":[{"embeddable":true,"href":"https:\/\/www.semanariolocal.cl\/index.php?rest_route=\/wp\/v2\/media\/2300"}],"wp:attachment":[{"href":"https:\/\/www.semanariolocal.cl\/index.php?rest_route=%2Fwp%2Fv2%2Fmedia&parent=2299"}],"wp:term":[{"taxonomy":"category","embeddable":true,"href":"https:\/\/www.semanariolocal.cl\/index.php?rest_route=%2Fwp%2Fv2%2Fcategories&post=2299"},{"taxonomy":"post_tag","embeddable":true,"href":"https:\/\/www.semanariolocal.cl\/index.php?rest_route=%2Fwp%2Fv2%2Ftags&post=2299"}],"curies":[{"name":"wp","href":"https:\/\/api.w.org\/{rel}","templated":true}]}}