{"id":22950,"date":"2024-08-10T11:50:00","date_gmt":"2024-08-10T15:50:00","guid":{"rendered":"https:\/\/www.semanariolocal.cl\/?p=22950"},"modified":"2024-08-11T09:50:30","modified_gmt":"2024-08-11T13:50:30","slug":"investigadora-del-inia-remehue-en-osorno-integra-comite-cientifico-de-cambio-climatico","status":"publish","type":"post","link":"https:\/\/www.semanariolocal.cl\/?p=22950","title":{"rendered":"Investigadora del INIA Remehue en Osorno integra Comit\u00e9 Cient\u00edfico de Cambio Clim\u00e1tico"},"content":{"rendered":"\n<p>Once expertos de diversas disciplinas y regiones asesorar\u00e1n al Gobierno de Chile en pol\u00edticas clim\u00e1ticas, abordando desaf\u00edos como la protecci\u00f3n de oc\u00e9anos y la escasez h\u00eddrica, con respaldo de los Ministerios de Ciencia y Medio Ambiente. Este ser\u00e1 el objetivo del Comit\u00e9 Cient\u00edfico de Cambio Clim\u00e1tico (C4).&nbsp; Una de sus integrantes es la Dra. Camila Mu\u00f1oz Mu\u00f1oz, del Instituto de Investigaci\u00f3n Agropecuaria (INIA), ubicado en Remehue (Osorno, Regi\u00f3n de Los Lagos).<\/p>\n\n\n\n<p>La Dra. Mu\u00f1oz ha centrado su carrera en torno a la investigaci\u00f3n de la nutrici\u00f3n de rumiantes, enfoc\u00e1ndose en estrategias de disminuci\u00f3n de la emisi\u00f3n de metano ent\u00e9rico en sistemas de ganado rumiante pastoriles, para la mitigaci\u00f3n del cambio clim\u00e1tico. Su trabajo incluye la evaluaci\u00f3n de diversas estrategias de mitigaci\u00f3n de metano ent\u00e9rico abarcando la manipulaci\u00f3n de la dieta y del rumen del ganado bovino, con foco en aquellas estrategias aplicables a sistemas pastoriles.<\/p>\n\n\n\n<p>Destaca por haber realizado las primeras mediciones de metano ent\u00e9rico de rumiantes en el pa\u00eds y su trabajo ha contribuido a una base de datos intercontinental para la predicci\u00f3n de producci\u00f3n, rendimiento e intensidad de metano ent\u00e9rico en bovinos lecheros a nivel global.<\/p>\n\n\n\n<p>Tras su nombramiento, la cient\u00edfica fue visitada por la Seremi de Ciencia en la Macrozona Sur, Maite Castro Gallastegui, oportunidad en que la autoridad regional la felicit\u00f3 y le ofreci\u00f3 apoyo para desarrollar su labor. Tras este encuentro, la investigadora reconoci\u00f3 estar orgullosa de su nombramiento.<\/p>\n\n\n\n<p>\u201cMe siento s\u00faper honrada de haber logrado ser miembro de este comit\u00e9. Este comit\u00e9 fue concursado y en base a nuestra trayectoria en nuestras diferentes \u00e1reas fuimos seleccionados los 11 miembros. Siento que es un tremendo desaf\u00edo. Uno de los principales objetivos que tengo es relevar la evidencia cient\u00edfica. Es decir, que todo lo que hagamos como Estado, como pol\u00edtica p\u00fablica, est\u00e9 refrendado por evidencia cient\u00edfica para que no cometamos errores\u201d, explic\u00f3.<\/p>\n\n\n\n<p>Respecto de la importancia del comit\u00e9, Mu\u00f1oz indic\u00f3 que \u201cel cambio clim\u00e1tico es el desaf\u00edo m\u00e1s grande al que nos enfrentamos, en t\u00e9rminos que es algo que nos afecta a todos gradualmente. Ya estamos viendo las consecuencias. Cuando yo part\u00ed con esto&nbsp; era un tema que se nos hac\u00eda s\u00faper lejano y ahora siento que, sobre todo con las inclemencias clim\u00e1ticas, todos estamos tomando conciencia que es algo que no podemos esconder\u201d, enfatiz\u00f3.<\/p>\n\n\n\n<p>En tanto, la Seremi de Ciencia destac\u00f3 el rol del comit\u00e9 y especialmente su conformaci\u00f3n. \u201cDesde el MinCiencia felicitamos a la Dra. Camila Mu\u00f1oz, porque tendr\u00e1 la oportunidad de influir en la toma de decisiones y la creaci\u00f3n de pol\u00edticas p\u00fablicas en una materia trascendental como lo es el Cambio Clim\u00e1tico. Del mismo modo valoramos profundamente que sea una investigadora de un Instituto de Investigaci\u00f3n Agropecuaria, porque sabemos que en esos centros se hace investigaci\u00f3n aplicada de mucha calidad, y muy importante para el sector productivo. Por lo tanto, es un reconocimiento al trabajo que se realiza en todos los INIA del pa\u00eds.&nbsp;&nbsp;<\/p>\n\n\n\n<p><strong>El Comit\u00e9<\/strong><\/p>\n\n\n\n<p>\u00bfC\u00f3mo protegeremos nuestros oc\u00e9anos del cambio clim\u00e1tico? \u00bfEs la desalinizaci\u00f3n la soluci\u00f3n a la escasez de agua? \u00bfC\u00f3mo afectar\u00e1 el calentamiento global a nuestra agricultura y salud? Son algunas de las preguntas que el Comit\u00e9 Cient\u00edfico Asesor de Cambio Clim\u00e1tico (C4) podr\u00eda abordar a trav\u00e9s de su trabajo y recomendaciones. Con informes que abarcan desde la biodiversidad marina hasta las estrategias de adaptaci\u00f3n urbana, el C4 trabajar\u00e1 en la b\u00fasqueda, an\u00e1lisis y evaluaci\u00f3n de los datos necesarios para la adopci\u00f3n de pol\u00edticas p\u00fablicas basadas en evidencia orientadas a hacer frente al desaf\u00edo clim\u00e1tico.<\/p>\n\n\n\n<p>La Ministra de Ciencia, Tecnolog\u00eda, Conocimiento e Innovaci\u00f3n, Ais\u00e9n Etcheverry; y la Ministra del Medio Ambiente, Maisa Rojas, anunciaron oficialmente la conformaci\u00f3n del nuevo C4, un nuevo hito en la lucha contra la crisis clim\u00e1tica en Chile. Este comit\u00e9, integrado por destacados cient\u00edficos de diversas disciplinas y regiones del pa\u00eds, tiene como objetivo brindar asesoramiento experto para la elaboraci\u00f3n, dise\u00f1o e implementaci\u00f3n de pol\u00edticas clim\u00e1ticas informadas por la mejor evidencia cient\u00edfica disponible.<\/p>\n\n\n\n<p>Entre los desaf\u00edos inmediatos del C4 se encuentran la revisi\u00f3n de diversos instrumentos de gesti\u00f3n del cambio clim\u00e1tico, como por ejemplo la actualizaci\u00f3n de los planes sectoriales de cambio clim\u00e1tico, las estrategias de mitigaci\u00f3n de gases de efecto invernadero y la promoci\u00f3n de la investigaci\u00f3n en \u00e1reas cr\u00edticas como la energ\u00eda renovable, la conservaci\u00f3n de ecosistemas y la agricultura resiliente. El comit\u00e9 tambi\u00e9n trabajar\u00e1 en estrecha colaboraci\u00f3n con tomadores de decisiones para asegurar que la ciencia se traduzca en pol\u00edticas efectivas y acciones concretas.<\/p>\n\n\n\n<p>\u00abSe trata de un comit\u00e9 interdisciplinario con representantes de las ciencias sociales, de las ciencias naturales, incluso abogados, psic\u00f3logos, ec\u00f3logos, que nos van a ayudar a incorporar evidencia cient\u00edfica en los procesos de toma de decisi\u00f3n.\u00bb, declar\u00f3 la Ministra de Ciencia, Ais\u00e9n Etcheverry.<\/p>\n\n\n\n<p>\u00abEl mundo est\u00e1 viviendo una triple crisis: clim\u00e1tica, de biodiversidad y de contaminaci\u00f3n, y como pa\u00eds nos hemos comprometido a enfrentarla de una manera bien particular, que es en base a evidencia cient\u00edfica. Esto nos ubica como pioneros en valorizaci\u00f3n de la evidencia cient\u00edfica y nos ayuda a avanzar con mejores pol\u00edticas p\u00fablicas para el desarrollo. As\u00ed que estamos felices, agradecidos de los expertos y expertas que nos van a acompa\u00f1ar durante los pr\u00f3ximos a\u00f1os en este proceso y con muchas expectativas respecto de c\u00f3mo la ciencia puede impactar de manera directa en las pol\u00edticas p\u00fablicas\u00bb, cerr\u00f3 la autoridad.<\/p>\n\n\n\n<p>Por su parte, la Ministra del Medio Ambiente, Maisa Rojas, a\u00f1adi\u00f3: \u00abEstamos muy contentos de haber conocido a los miembros del Comit\u00e9 Cient\u00edfico Asesor que mandata la Ley Marco de Cambio Clim\u00e1tico. Se trata de un comit\u00e9 que aborda todas las disciplinas asociadas al cambio clim\u00e1tico y que colaborar\u00e1 en la implementaci\u00f3n de la ley, que tiene dos objetivos: carbono neutralidad y resiliencia. Significa un cambio importante en la manera en que se hacen las pol\u00edticas p\u00fablicas de manera intersectorial y la colaboraci\u00f3n de este grupo para contar con la mejor evidencia disponible va a ser crucial. As\u00ed que estamos muy contentos de que el Ministerio de Ciencia nombre a este comit\u00e9, de que estos once expertos y expertos hayan aceptado y que nos ayuden al Ministerio de Medio Ambiente a poder enfrentar de manera exitosa el cambio clim\u00e1tico en el pa\u00eds\u00bb.<\/p>\n\n\n\n<p><strong>Sus integrantes<\/strong><\/p>\n\n\n\n<p>El C4 est\u00e1 compuesto por once destacados cient\u00edficos provenientes de distintas regiones de Chile, desde Antofagasta hasta Magallanes, representando la diversidad geogr\u00e1fica y clim\u00e1tica del pa\u00eds. Sus especialidades abarcan desde la oceanograf\u00eda y la ecolog\u00eda hasta la ingenier\u00eda y las ciencias sociales, garantizando un enfoque multidisciplinario en el abordaje del cambio clim\u00e1tico.<\/p>\n\n\n\n<p>La conformaci\u00f3n de este comit\u00e9 se realiz\u00f3 mediante un proceso competitivo y riguroso. De 55 postulaciones, se evaluaron 53 candidaturas. La selecci\u00f3n prioriz\u00f3 la excelencia acad\u00e9mica, la diversidad regional y de g\u00e9nero, y la representaci\u00f3n disciplinaria.<\/p>\n\n\n\n<p><a href=\"https:\/\/minciencia.gob.cl\/areas\/comite-cientifico-asesor-cambio-climatico\/\" target=\"_blank\" rel=\"noreferrer noopener\">Aqu\u00ed<\/a> m\u00e1s informaci\u00f3n sobre los integrantes del nuevo comit\u00e9.<\/p>\n","protected":false},"excerpt":{"rendered":"<p>La Dra. Camila Mu\u00f1oz (Veterinaria) es una de las 11 profesionales que integran esta instancia, convocada por los Ministerios de Ciencia, Tecnolog\u00eda, Conocimiento e Innovaci\u00f3n, junto al Ministerio de Medio Ambiente.<\/p>\n","protected":false},"author":1,"featured_media":22951,"comment_status":"closed","ping_status":"closed","sticky":false,"template":"","format":"standard","meta":{"footnotes":""},"categories":[3,2540,2541],"tags":[2118,257,337,557,2379,558,273,247,133],"class_list":["post-22950","post","type-post","status-publish","format-standard","has-post-thumbnail","hentry","category-al-dia","category-ciencia","category-investigacion","tag-semanariolocal","tag-cambio-climatico","tag-informacion","tag-inia","tag-inia-chile","tag-inia-remehue","tag-noticias","tag-region-de-los-lagos","tag-semanario-local"],"_links":{"self":[{"href":"https:\/\/www.semanariolocal.cl\/index.php?rest_route=\/wp\/v2\/posts\/22950","targetHints":{"allow":["GET"]}}],"collection":[{"href":"https:\/\/www.semanariolocal.cl\/index.php?rest_route=\/wp\/v2\/posts"}],"about":[{"href":"https:\/\/www.semanariolocal.cl\/index.php?rest_route=\/wp\/v2\/types\/post"}],"author":[{"embeddable":true,"href":"https:\/\/www.semanariolocal.cl\/index.php?rest_route=\/wp\/v2\/users\/1"}],"replies":[{"embeddable":true,"href":"https:\/\/www.semanariolocal.cl\/index.php?rest_route=%2Fwp%2Fv2%2Fcomments&post=22950"}],"version-history":[{"count":1,"href":"https:\/\/www.semanariolocal.cl\/index.php?rest_route=\/wp\/v2\/posts\/22950\/revisions"}],"predecessor-version":[{"id":22952,"href":"https:\/\/www.semanariolocal.cl\/index.php?rest_route=\/wp\/v2\/posts\/22950\/revisions\/22952"}],"wp:featuredmedia":[{"embeddable":true,"href":"https:\/\/www.semanariolocal.cl\/index.php?rest_route=\/wp\/v2\/media\/22951"}],"wp:attachment":[{"href":"https:\/\/www.semanariolocal.cl\/index.php?rest_route=%2Fwp%2Fv2%2Fmedia&parent=22950"}],"wp:term":[{"taxonomy":"category","embeddable":true,"href":"https:\/\/www.semanariolocal.cl\/index.php?rest_route=%2Fwp%2Fv2%2Fcategories&post=22950"},{"taxonomy":"post_tag","embeddable":true,"href":"https:\/\/www.semanariolocal.cl\/index.php?rest_route=%2Fwp%2Fv2%2Ftags&post=22950"}],"curies":[{"name":"wp","href":"https:\/\/api.w.org\/{rel}","templated":true}]}}