{"id":2293,"date":"2021-10-07T12:43:55","date_gmt":"2021-10-07T15:43:55","guid":{"rendered":"https:\/\/www.semanariolocal.cl\/?p=2293"},"modified":"2021-10-07T12:43:55","modified_gmt":"2021-10-07T15:43:55","slug":"gobernador-vallespin-se-reune-con-gremio-de-miticultores-en-puerto-montt","status":"publish","type":"post","link":"https:\/\/www.semanariolocal.cl\/?p=2293","title":{"rendered":"Gobernador Vallesp\u00edn se re\u00fane con gremio de Miticultores en Puerto Montt"},"content":{"rendered":"\n<p style=\"font-size:17px\">El lunes 4 de octubre, se concret\u00f3 la reuni\u00f3n entre el reci\u00e9n electo Gobernador Regional, Patricio Vallesp\u00edn, y representantes de la Asociaci\u00f3n Gremial de Mitilicultores de Chile (AmiChile). En el encuentro, AmiChile dio a conocer sus principales labores como organizaci\u00f3n gremial, haciendo \u00e9nfasis en los diferentes segmentos productivos que lo componen, junto con las l\u00edneas de acci\u00f3n que desarrolla y en lo que se han enfocado mayoritariamente en el \u00faltimo tiempo.<\/p>\n\n\n\n<p style=\"font-size:17px\">Seg\u00fan lo anterior, se dio a conocer a la autoridad c\u00f3mo se han buscado alternativas para fomentar el reciclaje y la disposici\u00f3n adecuada de los residuos, tem\u00e1tica que ha generado bastantes complicaciones en la Isla de Chilo\u00e9, no solo a nivel industrial, sino que tambi\u00e9n domiciliario.<\/p>\n\n\n\n<p style=\"font-size:17px\">En el encuentro, se expuso la necesidad de incentivar la implementaci\u00f3n de pr\u00e1cticas que sean amigables medioambientalmente, adem\u00e1s de tener una vinculaci\u00f3n constante con los vecinos y la comunidad en general, que permitan avanzar efectivamente en el reciclaje, valorizando idealmente todos los residuos, y eliminarlos de las playas con la implementaci\u00f3n de buenas pr\u00e1cticas asociativas que permitan manejarlos adecuadamente.<\/p>\n\n\n\n<p style=\"font-size:17px\">Otro de los puntos que se analiz\u00f3, fue la importancia de promover la compatibilidad de usos en el borde costero, el ordenamiento territorial y la necesidad de contar con una mejor infraestructura y conectividad para los embarques y desembarques y para las operaciones anexas a la mitilicultura, resguardando sectores que aseguren la sustentabilidad del sector en el tiempo.<\/p>\n\n\n\n<p style=\"font-size:17px\">Finalmente, se dio a conocer la apertura y promoci\u00f3n que se est\u00e1 gestando para el mercado nacional e internacional de choritos, entre otras l\u00edneas de trabajo que promueve actualmente AmiChile.<\/p>\n\n\n\n<p style=\"font-size:17px\">En tanto, el sr Patricio Vallesp\u00edn se mostr\u00f3 conforme con el encuentro, ya que los planteamientos expuestos por el gremio van en l\u00ednea con el trabajo que la autoridad quiere hacer con la comunidad y la regi\u00f3n en general, sobre todo en temas de sustentabilidad.<\/p>\n","protected":false},"excerpt":{"rendered":"<p>En el encuentro efectuado en Puerto Montt, particip\u00f3 el sr. Patricio Vallesp\u00edn, Gobernador Regional y parte de su equipo de trabajo; sr. Branco Papic, presidente de AmiChile; y Yohana Gonz\u00e1lez, Gerente General de AmiChile.<\/p>\n","protected":false},"author":1,"featured_media":2294,"comment_status":"closed","ping_status":"closed","sticky":false,"template":"","format":"standard","meta":{"footnotes":""},"categories":[3],"tags":[],"class_list":["post-2293","post","type-post","status-publish","format-standard","has-post-thumbnail","hentry","category-al-dia"],"_links":{"self":[{"href":"https:\/\/www.semanariolocal.cl\/index.php?rest_route=\/wp\/v2\/posts\/2293","targetHints":{"allow":["GET"]}}],"collection":[{"href":"https:\/\/www.semanariolocal.cl\/index.php?rest_route=\/wp\/v2\/posts"}],"about":[{"href":"https:\/\/www.semanariolocal.cl\/index.php?rest_route=\/wp\/v2\/types\/post"}],"author":[{"embeddable":true,"href":"https:\/\/www.semanariolocal.cl\/index.php?rest_route=\/wp\/v2\/users\/1"}],"replies":[{"embeddable":true,"href":"https:\/\/www.semanariolocal.cl\/index.php?rest_route=%2Fwp%2Fv2%2Fcomments&post=2293"}],"version-history":[{"count":1,"href":"https:\/\/www.semanariolocal.cl\/index.php?rest_route=\/wp\/v2\/posts\/2293\/revisions"}],"predecessor-version":[{"id":2295,"href":"https:\/\/www.semanariolocal.cl\/index.php?rest_route=\/wp\/v2\/posts\/2293\/revisions\/2295"}],"wp:featuredmedia":[{"embeddable":true,"href":"https:\/\/www.semanariolocal.cl\/index.php?rest_route=\/wp\/v2\/media\/2294"}],"wp:attachment":[{"href":"https:\/\/www.semanariolocal.cl\/index.php?rest_route=%2Fwp%2Fv2%2Fmedia&parent=2293"}],"wp:term":[{"taxonomy":"category","embeddable":true,"href":"https:\/\/www.semanariolocal.cl\/index.php?rest_route=%2Fwp%2Fv2%2Fcategories&post=2293"},{"taxonomy":"post_tag","embeddable":true,"href":"https:\/\/www.semanariolocal.cl\/index.php?rest_route=%2Fwp%2Fv2%2Ftags&post=2293"}],"curies":[{"name":"wp","href":"https:\/\/api.w.org\/{rel}","templated":true}]}}