{"id":22819,"date":"2024-08-04T00:15:30","date_gmt":"2024-08-04T04:15:30","guid":{"rendered":"https:\/\/www.semanariolocal.cl\/?p=22819"},"modified":"2024-08-04T00:15:31","modified_gmt":"2024-08-04T04:15:31","slug":"claudia-reyes-declaracion-como-imputado-de-vallespin-es-una-verguenza-regional","status":"publish","type":"post","link":"https:\/\/www.semanariolocal.cl\/?p=22819","title":{"rendered":"Claudia Reyes: \u00abDeclaraci\u00f3n como imputado de Vallespin es una verg\u00fcenza regional\u00bb."},"content":{"rendered":"\n<p>Como una verg\u00fcenza para la regi\u00f3n, calific\u00f3 la&nbsp;<strong>candidata del Partido Republicano a la Gobernaci\u00f3n Regional, Claudia Reyes<\/strong>, a la citaci\u00f3n de la Fiscal\u00eda a declarar en calidad de imputado en la investigaci\u00f3n del caso Convenios que debi\u00f3 realizar el actual Gobernador Regional, Patricio Vallespin.<\/p>\n\n\n\n<p><strong><em>\u201cEs una verg\u00fcenza inmensa para la gente de la regi\u00f3n que el Gobernador Vallespin sea imputado en esta causa. M\u00e1s all\u00e1 de su presunci\u00f3n de inocencia que respetamos, o que administrativamente no exista reproche en su contra, en la corrupci\u00f3n que se investiga en el Gobierno Regional hay una responsabilidad pol\u00edtica clara, que recae en el Gobernador Regional y en los integrantes de su equipo de confianza\u201d<\/em><\/strong>, sostuvo Reyes.&nbsp;<\/p>\n\n\n\n<p>La candidata del Partido Republicano a la Gobernaci\u00f3n Regional explic\u00f3 que&nbsp;<strong><em>\u201ccuando asumi\u00f3 la actual administraci\u00f3n, se despidi\u00f3 a profesionales competentes y de experiencia en las distintas \u00e1reas del Gobierno Regional, para instalar a personas de confianza del Gobernador Vallespin y de los partidos pol\u00edticos que han apoyado su gesti\u00f3n, que hoy son objeto de cuestionamiento e incluso destituci\u00f3n por parte de Contralor\u00eda, y de investigaci\u00f3n por parte de la Fiscal\u00eda, con medidas cautelares dictadas por Tribunales en el marco de la investigaci\u00f3n<\/em><\/strong>\u201d, dijo.<\/p>\n\n\n\n<p><em>\u201cPor eso, aqu\u00ed no se pueden minimizar las cosas.&nbsp;<strong>En el Gobierno Regional se estableci\u00f3 una forma mala de hacer las cosas, que hoy es objeto de una investigaci\u00f3n penal, que ha sido cuestionada por Contralor\u00eda, y que va mucho m\u00e1s all\u00e1 de la situaci\u00f3n de la fundaci\u00f3n Kimun, como dice el Gobernador. En estos meses, lamentablemente ha quedado claro que se sali\u00f3 a repartir dinero, a tontas y a locas, a dedo y a los amigos. Eso no puede pasar nunca m\u00e1s.<\/strong>&nbsp;Con nosotros al mando de la Gobernaci\u00f3n, no va a pasar nunca m\u00e1s\u201d<\/em>, enfatiz\u00f3 Reyes.<\/p>\n\n\n\n<p>La carta republicana a la Gobernaci\u00f3n Regional manifest\u00f3 su confianza en el trabajo que desarrolla la Fiscal\u00eda para aclarar penalmente las responsabilidades que investiga en la asignaci\u00f3n de recursos a fundaciones en la regi\u00f3n de Los Lagos, y en distintos puntos del pa\u00eds.&nbsp;<strong><em>\u201cEspero que la Fiscal\u00eda cumpla con rigor profesional, y que investigue en detalle el proceso de transferencia de recursos que se ha desarrollado con todas las fundaciones e instituciones privadas, de manera que se aclare el panorama de cara a una nueva etapa, en la que debe primar la transparencia y la atenci\u00f3n a la soluci\u00f3n concreta y m\u00e1s eficiente a las reales necesidades de la comunidad\u201d,<\/em><\/strong>&nbsp;dijo.<\/p>\n\n\n\n<p><strong><em>\u201cEl perjuicio para los habitantes de la regi\u00f3n va mucho m\u00e1s all\u00e1 de los recursos entregados a Kimun, como trata de encapsular el Gobernador Vallespin. Desde el GORE se transfirieron miles de millones de pesos para proyectos de otras fundaciones, que si bien hoy aparecen rendidos en lo econ\u00f3mico y administrativo, no produjeron un beneficio real a las personas. Por eso, si llegamos al cargo, revisaremos uno a uno estos proyectos, como parte de una auditor\u00eda completa a la actual gesti\u00f3n de la Gobernaci\u00f3n Regional\u201d,<\/em><\/strong>&nbsp;agreg\u00f3 Reyes.<\/p>\n\n\n\n<p><em>\u201c<strong>La gente de la regi\u00f3n de Los Lagos necesita soluciones concretas en materia de seguridad, conectividad, manejo de basuras, entre otras materias. Creo firmemente que podemos entregarlas, pero la tarea no ser\u00e1 f\u00e1cil.<\/strong>&nbsp;El equipo humano del Gobierno Regional est\u00e1 golpeado y desgastado por lo que ha implicado la investigaci\u00f3n de los convenios suscritos por la administraci\u00f3n del Gobernador Vallespin, que han congelado el trabajo del GORE en beneficio de los habitantes de las distintas comunas. Por eso,&nbsp;<strong>nuestro \u00e9nfasis estar\u00e1 primero en devolver la confianza a la ciudadan\u00eda, haciendo todas las reestructuraciones que sean necesarias para poder enfrentar los requerimientos urgentes de la comunidad. Nuestros valores partidarios, pero sobre todo, la conexi\u00f3n que tenemos con la realidad de nuestra gente, nos permiten ofrecer a los ciudadanos un proyecto de manos limpias, en el que podr\u00e1n confiar, con \u00e9nfasis en la transparencia y la rendici\u00f3n de cuentas permanente, la eficiencia y calidad de las reparticiones del GORE, para que esten al servicio de las personas, y la cercan\u00eda permanente con la ciudadan\u00eda\u201d<\/strong><\/em><strong>,<\/strong>&nbsp;finaliz\u00f3 Claudia Reyes.<\/p>\n","protected":false},"excerpt":{"rendered":"<p>\u201cEs una verg\u00fcenza inmensa para la gente de la regi\u00f3n que el Gobernador Vallespin sea imputado en esta causa\u00bb, <\/p>\n","protected":false},"author":1,"featured_media":22820,"comment_status":"closed","ping_status":"closed","sticky":false,"template":"","format":"standard","meta":{"footnotes":""},"categories":[3,6,2483],"tags":[2118,1248,337,273,2740,113,247,133],"class_list":["post-22819","post","type-post","status-publish","format-standard","has-post-thumbnail","hentry","category-al-dia","category-politica","category-region","tag-semanariolocal","tag-gobierno-regional","tag-informacion","tag-noticias","tag-patricio-vallespin-2","tag-puerto-montt","tag-region-de-los-lagos","tag-semanario-local"],"_links":{"self":[{"href":"https:\/\/www.semanariolocal.cl\/index.php?rest_route=\/wp\/v2\/posts\/22819","targetHints":{"allow":["GET"]}}],"collection":[{"href":"https:\/\/www.semanariolocal.cl\/index.php?rest_route=\/wp\/v2\/posts"}],"about":[{"href":"https:\/\/www.semanariolocal.cl\/index.php?rest_route=\/wp\/v2\/types\/post"}],"author":[{"embeddable":true,"href":"https:\/\/www.semanariolocal.cl\/index.php?rest_route=\/wp\/v2\/users\/1"}],"replies":[{"embeddable":true,"href":"https:\/\/www.semanariolocal.cl\/index.php?rest_route=%2Fwp%2Fv2%2Fcomments&post=22819"}],"version-history":[{"count":1,"href":"https:\/\/www.semanariolocal.cl\/index.php?rest_route=\/wp\/v2\/posts\/22819\/revisions"}],"predecessor-version":[{"id":22821,"href":"https:\/\/www.semanariolocal.cl\/index.php?rest_route=\/wp\/v2\/posts\/22819\/revisions\/22821"}],"wp:featuredmedia":[{"embeddable":true,"href":"https:\/\/www.semanariolocal.cl\/index.php?rest_route=\/wp\/v2\/media\/22820"}],"wp:attachment":[{"href":"https:\/\/www.semanariolocal.cl\/index.php?rest_route=%2Fwp%2Fv2%2Fmedia&parent=22819"}],"wp:term":[{"taxonomy":"category","embeddable":true,"href":"https:\/\/www.semanariolocal.cl\/index.php?rest_route=%2Fwp%2Fv2%2Fcategories&post=22819"},{"taxonomy":"post_tag","embeddable":true,"href":"https:\/\/www.semanariolocal.cl\/index.php?rest_route=%2Fwp%2Fv2%2Ftags&post=22819"}],"curies":[{"name":"wp","href":"https:\/\/api.w.org\/{rel}","templated":true}]}}