{"id":2281,"date":"2021-10-05T10:00:00","date_gmt":"2021-10-05T13:00:00","guid":{"rendered":"https:\/\/www.semanariolocal.cl\/?p=2281"},"modified":"2021-10-05T18:46:08","modified_gmt":"2021-10-05T21:46:08","slug":"despachado-proyecto-de-ley-que-regula-pago-de-pensiones-alimenticias","status":"publish","type":"post","link":"https:\/\/www.semanariolocal.cl\/?p=2281","title":{"rendered":"Despachado proyecto de  ley que regula pago de pensiones alimenticias"},"content":{"rendered":"\n<p style=\"font-size:17px\">Las diputadas del PPD, Patricia Rubio y Carolina Marz\u00e1n, destacaron la aprobaci\u00f3n un\u00e1nime y despacho a ley, del proyecto que regula y agiliza el pago de pensiones alimenticias, y crea el Registro Nacional de Deudores de Pensiones de Alimentos.<\/p>\n\n\n\n<p style=\"font-size:17px\">\u00abUna de las tantas realidades que salieron a la palestra cuando comenz\u00f3 la discusi\u00f3n de los retiros de fondos de pensiones, fue la gran cantidad de hombres que ten\u00edan abandonados a sus hijos e hijas por el no pago de las pensiones de alimentos. La propia Corte Suprema confirm\u00f3 que a septiembre de este a\u00f1o se hab\u00edan recibido m\u00e1s de 900 mil solicitudes de retenci\u00f3n de fondos de AFP por deudas de pensiones de alimentos en los 3 retiros\u00bb, indic\u00f3 la diputada Rubio, quien es Presidenta de la Comisi\u00f3n de Familia.<\/p>\n\n\n\n<p style=\"font-size:17px\">La parlamentaria agreg\u00f3 que \u00ablo peor de todo esto, en esta vergonzosa realidad, es tener que ver a las madres en tribunales pidiendo casi como un favor que ese Papito Coraz\u00f3n se ponga con la crianza del ni\u00f1o o la ni\u00f1a, incluso eludiendo la justicia. Es una forma de violencia hacia los ni\u00f1os, ni\u00f1as y adolescentes y tambi\u00e9n con esas madres que no duermen tranquilas pensando en c\u00f3mo hacen rendir el sueldo hasta fin de mes sin que nada les falte a sus hijos, mientras el progenitor duerme tranquilo, trabaja tranquilo o incluso piensa en postularse a alg\u00fan cargo p\u00fablico. Con este proyecto se les acab\u00f3 la fiesta a los papitos coraz\u00f3n, se les acab\u00f3 el abuso, se les acab\u00f3 el vivir tranquilos sin responder a sus responsabilidades\u00bb.<\/p>\n\n\n\n<p style=\"font-size:17px\">Por su parte, la diputada Carolina Marz\u00e1n se\u00f1al\u00f3 que \u00abrecorriendo mi distrito he podido constatar que uno de los mayores problemas que tienen principalmente las mujeres, y que aqueja a un n\u00famero importante de la poblaci\u00f3n son las pensiones de alimentos impagas. Esta situaci\u00f3n las violenta muy severamente tanto a ellas como a sus hijos e hijas, y adem\u00e1s atenta contra sus posibilidades de desarrollo personal y la econom\u00eda familiar de miles de hogares a lo largo y ancho de Chile\u00bb.<\/p>\n\n\n\n<p style=\"font-size:17px\">\u00abPor eso, aplaudimos que al fin se avance en materia de pago de pensiones de alimentos, estableci\u00e9ndose una mejora procedimental en los Tribunales de Familia, mejora en el sistema de notificaciones, retenci\u00f3n en las indemnizaciones laborales, entre otras medidas. Sin embargo, lo medular del proyecto es, sin dudas, la creaci\u00f3n del Registro Nacional de Deudores de pensiones de alimentos, a cargo del Servicio de Registro Civil, en el cual figurar\u00e1n aquellas personas obligadas a pagar alimentos y que adeuden 3 o m\u00e1s pensiones continuas o 5 discontinuas\u00bb, manifest\u00f3 la legisladora.<\/p>\n\n\n\n<p style=\"font-size:17px\">Marz\u00e1n explic\u00f3 que \u00abde esta manera, por ejemplo, en caso que el deudor de alimentos solicite un cr\u00e9dito de consumo en la banca de 50 UF o m\u00e1s, se consultar\u00e1 previamente al Registro y, de constatarse deuda, se le retendr\u00e1 el 50% del cr\u00e9dito de dinero solicitado. Adem\u00e1s, este registro podr\u00e1 ser de gran utilidad para el caso de aprobarse el proyecto de mi autor\u00eda que establece como causal de inhabilidad para el ejercicio de cargos p\u00fablicos y de representaci\u00f3n popular, el hecho de ser deudor de pensi\u00f3n de alimentos\u00bb.<\/p>\n","protected":false},"excerpt":{"rendered":"<p>Las diputadas del PPD, Patricia Rubio y Carolina Marz\u00e1n, destacaron la aprobaci\u00f3n un\u00e1nime y despacho a ley, del proyecto que regula y agiliza el pago de pensiones alimenticias, y crea el Registro Nacional de Deudores de Pensiones de Alimentos. \u00abUna de las tantas realidades que salieron a la palestra cuando comenz\u00f3 la discusi\u00f3n de los&#8230;<a class=\"btnReadMore\" href=\"https:\/\/www.semanariolocal.cl\/?p=2281\"> Leer M\u00e1s<\/a><\/p>\n","protected":false},"author":1,"featured_media":2282,"comment_status":"closed","ping_status":"closed","sticky":false,"template":"","format":"standard","meta":{"footnotes":""},"categories":[3,6],"tags":[],"class_list":["post-2281","post","type-post","status-publish","format-standard","has-post-thumbnail","hentry","category-al-dia","category-politica"],"_links":{"self":[{"href":"https:\/\/www.semanariolocal.cl\/index.php?rest_route=\/wp\/v2\/posts\/2281","targetHints":{"allow":["GET"]}}],"collection":[{"href":"https:\/\/www.semanariolocal.cl\/index.php?rest_route=\/wp\/v2\/posts"}],"about":[{"href":"https:\/\/www.semanariolocal.cl\/index.php?rest_route=\/wp\/v2\/types\/post"}],"author":[{"embeddable":true,"href":"https:\/\/www.semanariolocal.cl\/index.php?rest_route=\/wp\/v2\/users\/1"}],"replies":[{"embeddable":true,"href":"https:\/\/www.semanariolocal.cl\/index.php?rest_route=%2Fwp%2Fv2%2Fcomments&post=2281"}],"version-history":[{"count":1,"href":"https:\/\/www.semanariolocal.cl\/index.php?rest_route=\/wp\/v2\/posts\/2281\/revisions"}],"predecessor-version":[{"id":2283,"href":"https:\/\/www.semanariolocal.cl\/index.php?rest_route=\/wp\/v2\/posts\/2281\/revisions\/2283"}],"wp:featuredmedia":[{"embeddable":true,"href":"https:\/\/www.semanariolocal.cl\/index.php?rest_route=\/wp\/v2\/media\/2282"}],"wp:attachment":[{"href":"https:\/\/www.semanariolocal.cl\/index.php?rest_route=%2Fwp%2Fv2%2Fmedia&parent=2281"}],"wp:term":[{"taxonomy":"category","embeddable":true,"href":"https:\/\/www.semanariolocal.cl\/index.php?rest_route=%2Fwp%2Fv2%2Fcategories&post=2281"},{"taxonomy":"post_tag","embeddable":true,"href":"https:\/\/www.semanariolocal.cl\/index.php?rest_route=%2Fwp%2Fv2%2Ftags&post=2281"}],"curies":[{"name":"wp","href":"https:\/\/api.w.org\/{rel}","templated":true}]}}