{"id":22803,"date":"2024-07-28T10:52:00","date_gmt":"2024-07-28T14:52:00","guid":{"rendered":"https:\/\/www.semanariolocal.cl\/?p=22803"},"modified":"2024-07-31T22:55:46","modified_gmt":"2024-08-01T02:55:46","slug":"minvu-entrega-de-subsidios-para-construir-mas-de-1-300-viviendas-del-plan-osorno","status":"publish","type":"post","link":"https:\/\/www.semanariolocal.cl\/?p=22803","title":{"rendered":"MINVU entrega de subsidios para construir m\u00e1s de 1.300 viviendas del Plan Osorno"},"content":{"rendered":"\n<p>El Ministerio de Vivienda y Urbanismo(MINVU)asign\u00f3 los recursos comprometidos para construir dos nuevos proyectos habitacionales en la comuna de Osorno, que le permitir\u00e1n a 940 familias acceder a una soluci\u00f3n habitacional definitiva.<\/p>\n\n\n\n<p>Se trata de una inversi\u00f3n cercana a las 2 mil unidades de fomento, es decir, 70 mil millones de pesos, que permitir\u00e1n financiar las obras de construcci\u00f3n de los proyectos Lomas de Ovejer\u00eda II, para 260 familias, y Alberto Fuchslocher, para otras 680 familias.<\/p>\n\n\n\n<p>Ambos proyectos forman parte del denominado Plan Osorno, que el MINVU impuls\u00f3 junto con los proyectos Ren\u00e9 Soriano (298) y Lomas de Ovejer\u00eda I (120), actualmente en ejecuci\u00f3n, en reemplazo de las etapas que no se pudieron construir en el Predio Baquedano, tras la entrada en vigencia de la Ley de Humedales Urbanos.<\/p>\n\n\n\n<p>La informaci\u00f3n fue confirmada por el Seremi del MINVU en Los Lagos, Fabi\u00e1n Nail, quien se\u00f1al\u00f3 que \u201ccon este resultado avanzamos y seguimos trabajando con mucha esperanza para las familias de la comuna de Osorno, donde levantamos una mesa de vivienda en conjunto con el municipio y la Delegaci\u00f3n Presidencial Provincial, que nos permiti\u00f3 abordar las distintas necesidades de 1.346 familias que hoy d\u00eda cuentan con una soluci\u00f3n habitacional y que nos permite tambi\u00e9n dar cumplimiento a las metas del Plan de Emergencia Habitacional en esta comuna\u201d.<\/p>\n\n\n\n<p>La Directora Regional de Serviu Los Lagos, Isabel de la Vega, precis\u00f3 por su parte que esta nueva asignaci\u00f3n de recursos corresponde a resultados de una postulaci\u00f3n hecha el pasado mes de mayo para subsidios de construcci\u00f3n en nuevos terrenos, \u201clo cual viene a cumplir el compromiso hecho por el ministro Carlos Montes de levantar los proyectos que quedaron sin ejecuci\u00f3n en el Predio Baquedano, lo cual se hizo, pues se compraron cuatro terrenos r\u00e1pidamente, y ahora avanzaremos en buscar otros terrenos para seguir atendiendo la demanda habitacional en Osorno\u201d.<\/p>\n\n\n\n<p>La Delegada Presidencial Provincial, Claudia Pailalef, valor\u00f3 la noticia, destacando que \u201ccomo Gobierno del Presidente Gabriel Boric, estamos dando cumplimiento a la palabra empe\u00f1ada para poder avanzar con m\u00e1s de 1.300 soluciones habitacionales de manera muy especial para la comuna de Osorno\u201d.<\/p>\n","protected":false},"excerpt":{"rendered":"<p>Ya hab\u00edan sido subsidiados los proyectos \u00abRen\u00e9 Soriano\u00bb y \u00abLomas de Ovejer\u00eda I\u00bb, actualmente en ejecuci\u00f3n, y ahora fueron asignados los recursos para construir los proyectos \u00abLomas de Ovejer\u00eda II\u00bb y \u201cAlberto Fuchslocher\u00bb.<\/p>\n","protected":false},"author":1,"featured_media":22804,"comment_status":"closed","ping_status":"closed","sticky":false,"template":"","format":"standard","meta":{"footnotes":""},"categories":[3,9],"tags":[2118,337,755,3375,273,132,247,133,1709],"class_list":["post-22803","post","type-post","status-publish","format-standard","has-post-thumbnail","hentry","category-al-dia","category-gobierno","tag-semanariolocal","tag-informacion","tag-minvu","tag-minvu-los-lagos","tag-noticias","tag-osorno","tag-region-de-los-lagos","tag-semanario-local","tag-viviendas"],"_links":{"self":[{"href":"https:\/\/www.semanariolocal.cl\/index.php?rest_route=\/wp\/v2\/posts\/22803","targetHints":{"allow":["GET"]}}],"collection":[{"href":"https:\/\/www.semanariolocal.cl\/index.php?rest_route=\/wp\/v2\/posts"}],"about":[{"href":"https:\/\/www.semanariolocal.cl\/index.php?rest_route=\/wp\/v2\/types\/post"}],"author":[{"embeddable":true,"href":"https:\/\/www.semanariolocal.cl\/index.php?rest_route=\/wp\/v2\/users\/1"}],"replies":[{"embeddable":true,"href":"https:\/\/www.semanariolocal.cl\/index.php?rest_route=%2Fwp%2Fv2%2Fcomments&post=22803"}],"version-history":[{"count":1,"href":"https:\/\/www.semanariolocal.cl\/index.php?rest_route=\/wp\/v2\/posts\/22803\/revisions"}],"predecessor-version":[{"id":22805,"href":"https:\/\/www.semanariolocal.cl\/index.php?rest_route=\/wp\/v2\/posts\/22803\/revisions\/22805"}],"wp:featuredmedia":[{"embeddable":true,"href":"https:\/\/www.semanariolocal.cl\/index.php?rest_route=\/wp\/v2\/media\/22804"}],"wp:attachment":[{"href":"https:\/\/www.semanariolocal.cl\/index.php?rest_route=%2Fwp%2Fv2%2Fmedia&parent=22803"}],"wp:term":[{"taxonomy":"category","embeddable":true,"href":"https:\/\/www.semanariolocal.cl\/index.php?rest_route=%2Fwp%2Fv2%2Fcategories&post=22803"},{"taxonomy":"post_tag","embeddable":true,"href":"https:\/\/www.semanariolocal.cl\/index.php?rest_route=%2Fwp%2Fv2%2Ftags&post=22803"}],"curies":[{"name":"wp","href":"https:\/\/api.w.org\/{rel}","templated":true}]}}