{"id":22774,"date":"2024-07-30T12:41:30","date_gmt":"2024-07-30T16:41:30","guid":{"rendered":"https:\/\/www.semanariolocal.cl\/?p=22774"},"modified":"2024-07-30T12:41:31","modified_gmt":"2024-07-30T16:41:31","slug":"gira-viola-y-piano-al-sur-del-mundo-presenta-concierto-gratuitos-a-la-comunidad","status":"publish","type":"post","link":"https:\/\/www.semanariolocal.cl\/?p=22774","title":{"rendered":"Gira \u201cViola y Piano al Sur del Mundo\u201d presenta concierto gratuitos a la comunidad"},"content":{"rendered":"\n<p>La gira \u201cViola y Piano al Sur del Mundo\u201d nace con el prop\u00f3sito de difundir m\u00fasica para viola y piano de compositores chilenos actuales en las regiones de La Araucan\u00eda y Los Lagos. El d\u00fao a cargo de la interpretaci\u00f3n est\u00e1 compuesto por Javier Reyes en viola, Master of Music (HMDK Stuttgart, Alemania) y Carla Garc\u00eda en piano, Master of Arts (Hochschule der K\u00fcnste, Bern, Suiza), ambos int\u00e9rpretes de una extensa y nutrida experiencia en la m\u00fasica de c\u00e1mara. El itinerario consta de cinco conciertos en el Teatro Municipal de Temuco, COMBAS Puerto Varas, Centro Cultural Osorno, Sala L\u00e1mpara y Teatro Diego Rivera en Puerto Montt.&nbsp;<\/p>\n\n\n\n<p>En esta serie de conciertos, se interpretar\u00e1n las obras de los compositores chilenos,&nbsp;<em>Las voces del Silencio<\/em>,&nbsp;<em>La Transfiguraci\u00f3n de la Lib\u00e9lula<\/em>&nbsp;para viola y piano y&nbsp;<em>Estudio para Viola<\/em>&nbsp;de Sergio Berchenko,&nbsp;<em>Mares<\/em>&nbsp;para viola y piano de Alondra Huerta,&nbsp;<em>En el Fondo de mi Lejan\u00eda<\/em>&nbsp;para viola y piano de Rafael D\u00edaz,&nbsp;<em>Lamento Sidhe<\/em>&nbsp;para viola sola de Javiera Campos Gatica y<em>&nbsp;Suite para Fernando Parra<\/em>&nbsp;para viola y piano de Tom\u00e1s Parra.&nbsp;<\/p>\n\n\n\n<p>Para Javier Reyes, el prop\u00f3sito de este proyecto es \u201cdifundir la m\u00fasica para viola y piano de compositoras y compositores chilenos vivos, tambi\u00e9n dar a conocer m\u00e1s el repertorio para estos instrumentos y sus posibilidades sonoras\u201d En esa l\u00ednea, destac\u00f3 que \u201clas combinaciones con las posibilidades del piano, de las obras que interpretaremos est\u00e1n muy relacionadas con la naturaleza\u201d<\/p>\n\n\n\n<p>\u201cEsperamos hacer este viaje de entre lugares naturales del sur de Chile de bosques, de mares, monta\u00f1as en un di\u00e1logo con el p\u00fablico de acercar estas obras y acercar tambi\u00e9n los instrumentos\u00bb, concluy\u00f3 Reyes.<\/p>\n\n\n\n<p>Las entradas a estos conciertos son&nbsp; liberadas y abiertas a todo p\u00fablico. Conoce m\u00e1s de esta iniciativa en las redes sociales&nbsp;@violaypianoalsurdelmundo. Este proyecto es&nbsp;financiado por el Ministerio de las Culturas, las Artes y el Patrimonio a trav\u00e9s del Fondo de la M\u00fasica, Convocatoria 2024.&nbsp;<\/p>\n\n\n\n<p><strong>Sobre los artistas<\/strong><\/p>\n\n\n\n<p><img loading=\"lazy\" decoding=\"async\" alt=\"\ud83c\udfbb\" src=\"https:\/\/lh7-rt.googleusercontent.com\/docsz\/AD_4nXetr8WdxnWDcM66P2un2hh8qlgmDfJBWX6AahetXZ9HolKB9SN7Z8vaFOc_W8WHjAjRU827O5FyHEt2JtiKDgoXnwmZgKga-xk9bfyNvx9Z7DI5LDmZHwL2iooZhGUz5801Mjj6SHebUjnbx8_10khQ1ks?key=WYNT1TFS9bDRq3q77r2hHw\" width=\"16\" height=\"16\">&nbsp;Javier Reyes<\/p>\n\n\n\n<p>Javier, con un Mag\u00edster en Viola de la Hochschule f\u00fcr Musik Stuttgart, ha sido viola principal en la Orquesta Joven de las Am\u00e9ricas y colaborador con la BBC National Orchestra of Wales y la Philarmonie Baden-Baden. Recientemente, fue solista con la Orquesta de C\u00e1mara de Valdivia, estrenando el Concierto \u201cUmbral\u201d de Nicol\u00e1s Ahumada en mayo de 2024. Es profesor en Casa M\u00fasica, Valdivia, e instructor de violas en la Orquesta Sinf\u00f3nica Juvenil de Los R\u00edos.<\/p>\n\n\n\n<p><img loading=\"lazy\" decoding=\"async\" alt=\"\ud83c\udfb9\" src=\"https:\/\/lh7-rt.googleusercontent.com\/docsz\/AD_4nXcO3uTAPGoFvB9zJGvs1zt-MUkqrUX_gu_cAo0tumjPQiAYOWjvX96Ki8zxlvC9ClNj0jSArW3zTegoI0WMbVkaSJmrWVqYHChvCIM7I89cYrgMlseogWxEynUpMUY_-uaW-Us-BCwxJDZySyS1p7quDIzA?key=WYNT1TFS9bDRq3q77r2hHw\" width=\"16\" height=\"16\">&nbsp;Carla Garc\u00eda<\/p>\n\n\n\n<p>Carla, con dos maestr\u00edas de la Hochschule der K\u00fcnste Bern en Suiza y una licenciatura en interpretaci\u00f3n musical de la Universidad Austral de Chile, ha actuado en Chile y en el extranjero, incluyendo Per\u00fa, Francia, Suiza, Italia, Alemania y Espa\u00f1a. Adem\u00e1s, trabaja en la difusi\u00f3n de la m\u00fasica cl\u00e1sica, enfoc\u00e1ndose en la educaci\u00f3n de ni\u00f1os y j\u00f3venes.<\/p>\n\n\n\n<p>Con entradas gratuitas, agenda tus fechas:<\/p>\n\n\n\n<p>3 de agosto, 19:30 &#8211; Teatro Municipal de Temuco<\/p>\n\n\n\n<p><img loading=\"lazy\" decoding=\"async\" alt=\"\ud83d\udc49\" src=\"https:\/\/lh7-rt.googleusercontent.com\/docsz\/AD_4nXclyClLvy48ndSJTL1SjMSQO8bTT3M6pYkF-RKBI9Pxyy2veH80Zg_5tREqXJ0xHT-BxceT_cg3jyyLtHpCeuD8BRWDk_bzub0L8DEBGs_VkYhQ0tHHIIC5Akyoj04F-mrZQp7O4C4Zix4NJzPpkWulqUG1?key=WYNT1TFS9bDRq3q77r2hHw\" width=\"16\" height=\"16\"><a href=\"https:\/\/www.instagram.com\/_u\/teatromunicipal_temuco?fbclid=IwZXh0bgNhZW0CMTAAAR2OiDJoYSlcf8Gg09gDyCA_My8gaNo49ri28KYrMMVTd6msSUHFdh4QUe0_aem_azbSJp7oie10NS-EmEBazg\" target=\"_blank\" rel=\"noreferrer noopener\">&nbsp;@teatromunicipal_temuco<\/a><\/p>\n\n\n\n<p>10 de agosto, 19:30 &#8211; COMBAS Puerto Varas<\/p>\n\n\n\n<p><img loading=\"lazy\" decoding=\"async\" alt=\"\ud83d\udc49\" src=\"https:\/\/lh7-rt.googleusercontent.com\/docsz\/AD_4nXdj672t8JPCZ0MF45UI4aAcoG7tdqj0pQWGOmabOjCUL_QkHs8OrkLDeJho0PkG3ELzG_BsW5cQ1mzrTdC9hBVxb1wyuhih-ldf-XWlU5xB1ZvJ6vvOvXisf0NLZi2nAKtIRww7ILZnWZNcyDjCfTOnZe5U?key=WYNT1TFS9bDRq3q77r2hHw\" width=\"16\" height=\"16\"><a href=\"https:\/\/www.instagram.com\/_u\/combas.cl?fbclid=IwZXh0bgNhZW0CMTAAAR1p6mBVFnr50zth7J6qf3qEzwhFmeOU2GmtAyrQhpGmbeUILlpSt9KP2Dk_aem_xzOhonfoZniXziT53_ZibA\" target=\"_blank\" rel=\"noreferrer noopener\">&nbsp;@combas.cl<\/a><\/p>\n\n\n\n<p>15 de agosto, 19:00 &#8211; Centro Cultural Osorno, Sala L\u00e1mpara<\/p>\n\n\n\n<p><img loading=\"lazy\" decoding=\"async\" alt=\"\ud83d\udc49\" src=\"https:\/\/lh7-rt.googleusercontent.com\/docsz\/AD_4nXddCxz1NrACf9HmSCCIT969vFEEIuOFwMXomaYS-RpTEvKzRjUg1YpvHGfqPaaJ-X4uCigLmhIEXqk3n08bNwDEcVqsKGp8OmNHN0_d3QinIAkcHYPoEkz1xrBX1NXrJMtPJCaIEIk_togrWqBkXKifYtUw?key=WYNT1TFS9bDRq3q77r2hHw\" width=\"16\" height=\"16\"><a href=\"https:\/\/www.instagram.com\/_u\/centroculturalosorno?fbclid=IwZXh0bgNhZW0CMTAAAR2_a_cA-7HC4VCuyJgJLDij3HtLTJT4iuGG8roH-8tojBQIQCuapQ-mQHw_aem_s7iarpF31xA5sYbWrGZw_Q\" target=\"_blank\" rel=\"noreferrer noopener\">&nbsp;@centroculturalosorno<\/a><\/p>\n\n\n\n<p>28 de septiembre &#8211; Teatro Diego Rivera, Puerto Montt<\/p>\n\n\n\n<p><img loading=\"lazy\" decoding=\"async\" alt=\"\ud83d\udc49\" src=\"https:\/\/lh7-rt.googleusercontent.com\/docsz\/AD_4nXf0ztGaOIvAxfSVzno4o1w8QKunxgita22R5hCw60HwwRJ2_Ul6oy2i9PvRfHA8byPO3urdwFtOvAu4EWPs6_TmzpbwGaSiQzb5WVHvMhCQgkb7snDEAmz3I3KS9aHpICf_fZMWg_M1ZYDInmUmFSVZ0Hs?key=WYNT1TFS9bDRq3q77r2hHw\" width=\"16\" height=\"16\"><a href=\"https:\/\/l.facebook.com\/l.php?u=https%3A%2F%2Fwww.instagram.com%2F_u%2Fcasadelartediegorivera%3Ffbclid%3DIwZXh0bgNhZW0CMTAAAR1gDJFgzL0XF_7b4ePNwhJkxb5esHH8DzdqVqzhLTIAMR7sEtK51LZOUtU_aem_KUY4p8y92htn2V_285RXXw&amp;h=AT0u2uc5M8KM2O9wpgiziomc-62fWmmBVkLRh1tM3KX_hlvpQs9Hbmijj4RVuDmjt7ZxJqneVeg0-DZ1P3a1jj4dkqHkaaZQ9VoOT0E0tHPFuqz8UFYT48lOQ3v1RRH2FA&amp;__tn__=-UK-R&amp;c[0]=AT1arppuhjX6SVftXTeukK2-X1pce3yZJXTmMYsmNl50K_DO7vmavmiolvqQq5CJ49yd3J10IblhhapFGFdC-qMFR_7sgQRXBGyk0SCC0E8bTd-vanWVzHsoUtE1cBoZOVmFGc7CGiveVMwpWUya8dlF4cGQMbUACcqJInDFGhcnwyaZiuVN29oT9sWsK0LfBbWrIBvbVwIloKTdZpQLtHozXt6FcBjRPGKFrImofw\" target=\"_blank\" rel=\"noreferrer noopener\">@casadelartediegorivera<\/a><\/p>\n\n\n\n<p>\u00a1Te invitamos a acompa\u00f1arnos en este viaje al descubrimiento de nuevas obras!<\/p>\n","protected":false},"excerpt":{"rendered":"<p>Los m\u00fasicos Javier Reyes (viola) y Carla Garc\u00eda (piano) interpretar\u00e1n composiciones contempor\u00e1neas  en una gira a desarrollarse entre el 3 de agosto y el 28 de septiembre por la zona sur del pa\u00eds.<\/p>\n","protected":false},"author":1,"featured_media":22775,"comment_status":"closed","ping_status":"closed","sticky":false,"template":"","format":"standard","meta":{"footnotes":""},"categories":[3,2691,10,2483],"tags":[2118,337,273,247,133],"class_list":["post-22774","post","type-post","status-publish","format-standard","has-post-thumbnail","hentry","category-al-dia","category-arte","category-cultura","category-region","tag-semanariolocal","tag-informacion","tag-noticias","tag-region-de-los-lagos","tag-semanario-local"],"_links":{"self":[{"href":"https:\/\/www.semanariolocal.cl\/index.php?rest_route=\/wp\/v2\/posts\/22774","targetHints":{"allow":["GET"]}}],"collection":[{"href":"https:\/\/www.semanariolocal.cl\/index.php?rest_route=\/wp\/v2\/posts"}],"about":[{"href":"https:\/\/www.semanariolocal.cl\/index.php?rest_route=\/wp\/v2\/types\/post"}],"author":[{"embeddable":true,"href":"https:\/\/www.semanariolocal.cl\/index.php?rest_route=\/wp\/v2\/users\/1"}],"replies":[{"embeddable":true,"href":"https:\/\/www.semanariolocal.cl\/index.php?rest_route=%2Fwp%2Fv2%2Fcomments&post=22774"}],"version-history":[{"count":1,"href":"https:\/\/www.semanariolocal.cl\/index.php?rest_route=\/wp\/v2\/posts\/22774\/revisions"}],"predecessor-version":[{"id":22776,"href":"https:\/\/www.semanariolocal.cl\/index.php?rest_route=\/wp\/v2\/posts\/22774\/revisions\/22776"}],"wp:featuredmedia":[{"embeddable":true,"href":"https:\/\/www.semanariolocal.cl\/index.php?rest_route=\/wp\/v2\/media\/22775"}],"wp:attachment":[{"href":"https:\/\/www.semanariolocal.cl\/index.php?rest_route=%2Fwp%2Fv2%2Fmedia&parent=22774"}],"wp:term":[{"taxonomy":"category","embeddable":true,"href":"https:\/\/www.semanariolocal.cl\/index.php?rest_route=%2Fwp%2Fv2%2Fcategories&post=22774"},{"taxonomy":"post_tag","embeddable":true,"href":"https:\/\/www.semanariolocal.cl\/index.php?rest_route=%2Fwp%2Fv2%2Ftags&post=22774"}],"curies":[{"name":"wp","href":"https:\/\/api.w.org\/{rel}","templated":true}]}}