{"id":22770,"date":"2024-07-29T19:16:00","date_gmt":"2024-07-29T23:16:00","guid":{"rendered":"https:\/\/www.semanariolocal.cl\/?p=22770"},"modified":"2024-07-29T23:23:45","modified_gmt":"2024-07-30T03:23:45","slug":"republicanos-confirman-candidaturas-a-7-alcaldias-de-comunas-en-la-region-de-los-lagos","status":"publish","type":"post","link":"https:\/\/www.semanariolocal.cl\/?p=22770","title":{"rendered":"Republicanos confirman candidaturas a 7 alcald\u00edas de comunas en la regi\u00f3n de Los Lagos"},"content":{"rendered":"\n<p><strong><em>\u201cA ellos, se suman un centenar de hombres y mujeres valientes, que teniendo en claro que sus vecinos merecen algo mucho mejor, han puesto sus nombres, su tiempo y su trabajo al servicio de recuperar las comunas de la regi\u00f3n de Los Lagos para su gente, y ser\u00e1n tanto a los concejos municipales, como al Consejo Regional\u201d,<\/em><\/strong>&nbsp;explic\u00f3 la&nbsp;<strong>Candidata del Partido Republicano a la Gobernaci\u00f3n Regional de Los Lagos, Claudia Reyes.<\/strong><\/p>\n\n\n\n<p>Respecto del resto de las comunas de la regi\u00f3n, el presidente regional del partido, Cristian Palma, sostuvo que \u201c<strong>los Republicanos tienen clara su inmensa responsabilidad pol\u00edtica con Chile, nuestra regi\u00f3n y sus distintas comunas y localidades. Y no queremos ser parte del error de ir con la derecha dividida, entregando las comunas a alcaldes de la izquierda radical que tanto da\u00f1o ha hecho a las distintas comunas. Los vecinos merecen algo mejor, y por eso donde no exista un candidato de nuestro partido, apoyaremos las postulaciones a alcaldes del sector, con la convicci\u00f3n de que la unidad se predica y se practica, y que nuestro objetivo es recuperar y reconstru\u00edr Chile para los chilenos\u201d<\/strong>, dijo.<\/p>\n","protected":false},"excerpt":{"rendered":"<p>Se trata de Carlos Seitz (Ancud), Lorena P\u00e9rez (Calbuco), Pablo Mar\u00edn (Cocham\u00f3), Marcelo Barrientos (Fresia), Alejandro C\u00e1rdenas (Puqueldon), Alicia Villar (Purranque), y Lu\u00eds Gonz\u00e1lez (Quinchao).<\/p>\n","protected":false},"author":1,"featured_media":22771,"comment_status":"closed","ping_status":"closed","sticky":false,"template":"","format":"standard","meta":{"footnotes":""},"categories":[3,8,6,2483],"tags":[2118,337,273,247,133],"class_list":["post-22770","post","type-post","status-publish","format-standard","has-post-thumbnail","hentry","category-al-dia","category-comunas","category-politica","category-region","tag-semanariolocal","tag-informacion","tag-noticias","tag-region-de-los-lagos","tag-semanario-local"],"_links":{"self":[{"href":"https:\/\/www.semanariolocal.cl\/index.php?rest_route=\/wp\/v2\/posts\/22770","targetHints":{"allow":["GET"]}}],"collection":[{"href":"https:\/\/www.semanariolocal.cl\/index.php?rest_route=\/wp\/v2\/posts"}],"about":[{"href":"https:\/\/www.semanariolocal.cl\/index.php?rest_route=\/wp\/v2\/types\/post"}],"author":[{"embeddable":true,"href":"https:\/\/www.semanariolocal.cl\/index.php?rest_route=\/wp\/v2\/users\/1"}],"replies":[{"embeddable":true,"href":"https:\/\/www.semanariolocal.cl\/index.php?rest_route=%2Fwp%2Fv2%2Fcomments&post=22770"}],"version-history":[{"count":1,"href":"https:\/\/www.semanariolocal.cl\/index.php?rest_route=\/wp\/v2\/posts\/22770\/revisions"}],"predecessor-version":[{"id":22772,"href":"https:\/\/www.semanariolocal.cl\/index.php?rest_route=\/wp\/v2\/posts\/22770\/revisions\/22772"}],"wp:featuredmedia":[{"embeddable":true,"href":"https:\/\/www.semanariolocal.cl\/index.php?rest_route=\/wp\/v2\/media\/22771"}],"wp:attachment":[{"href":"https:\/\/www.semanariolocal.cl\/index.php?rest_route=%2Fwp%2Fv2%2Fmedia&parent=22770"}],"wp:term":[{"taxonomy":"category","embeddable":true,"href":"https:\/\/www.semanariolocal.cl\/index.php?rest_route=%2Fwp%2Fv2%2Fcategories&post=22770"},{"taxonomy":"post_tag","embeddable":true,"href":"https:\/\/www.semanariolocal.cl\/index.php?rest_route=%2Fwp%2Fv2%2Ftags&post=22770"}],"curies":[{"name":"wp","href":"https:\/\/api.w.org\/{rel}","templated":true}]}}