{"id":22764,"date":"2024-07-29T21:00:00","date_gmt":"2024-07-30T01:00:00","guid":{"rendered":"https:\/\/www.semanariolocal.cl\/?p=22764"},"modified":"2024-07-29T22:50:27","modified_gmt":"2024-07-30T02:50:27","slug":"campo-seguro-califica-de-potente-senal-rechazo-a-nulidad-de-juicio-en-contra-lider-de-la-cam","status":"publish","type":"post","link":"https:\/\/www.semanariolocal.cl\/?p=22764","title":{"rendered":"Campo Seguro califica de potente se\u00f1al  rechazo a nulidad de juicio en contra  l\u00edder de la CAM\u00a0"},"content":{"rendered":"\n<p>Este lunes, La Corte Suprema rechaz\u00f3 nulidad de juicio solicitada por la defensa de H\u00e9ctor Llaitul, apelando al fallo del Tribunal Oral en lo Penal de Temuco que sentenci\u00f3 a H\u00e9ctor Llaitul Carrillanca, l\u00edder de la Coordinadora Arauco Malleco (CAM), a 23 a\u00f1os de presidio por los delitos de atentado a la autoridad, apolog\u00eda a la violencia, robo de madera y usurpaci\u00f3n de tierras, hechos perpetrados en el marco de la mal utilizada causa ind\u00edgena y que amparan la comisi\u00f3n de otros delitos de inter\u00e9s econ\u00f3mico.&nbsp;<\/p>\n\n\n\n<p>Como \u201cuna se\u00f1al contundente sin una posterior apelaci\u00f3n y enfocada a cumplir con una pena de c\u00e1rcel efectiva ante la planificaci\u00f3n y autor\u00eda de hechos de extrema violencia\u201d calific\u00f3 la ONG Campo Seguro, a trav\u00e9s de su gerente Francisco Mu\u00f1oz Le Bret\u00f3n, a este fallo y la sentencia condenatoria previa del 7 de mayo en contra de Llaitul.&nbsp;<\/p>\n\n\n\n<p>La Corte Suprema ratific\u00f3 la culpabilidad del imputado por los delitos de la Ley de Seguridad del Estado, en particular por atentado a la autoridad y apolog\u00eda a la violencia; robo de madera y usurpaci\u00f3n de tierras, cuya pena se espera se cumpla en su totalidad y en el aislamiento que amerita una persona dispuesta a socavar el Estado de Derecho en nuestro Pa\u00eds.&nbsp;<\/p>\n\n\n\n<p>\u201cAun cuando la comisi\u00f3n de estos hechos se desarroll\u00f3 en la Regi\u00f3n de La Araucan\u00eda, dados los antecedentes conocidos p\u00fablicamente respecto a atentados en las Regiones de Los R\u00edos y Los Lagos, se aspira a que la investigaci\u00f3n aporte antecedentes para comprobar y sancionar su eventual participaci\u00f3n en la planificaci\u00f3n y autor\u00eda de hechos perpetrados en nuestras regiones\u201d, precis\u00f3 Mu\u00f1oz.&nbsp;<\/p>\n\n\n\n<p>\u201cONG Campo Seguro valora la postura de la Corte Suprema, el valor de civiles y funcionarios policiales que participaron en este proceso judicial y el rol del Ministerio P\u00fablico en la persecuci\u00f3n penal del autor de este tipo de hechos\u201d, agreg\u00f3.&nbsp;<\/p>\n\n\n\n<p>El gerente de la ONG Campo Seguro adelant\u00f3 que \u201ceste hito coincide con la discusi\u00f3n y eventual aprobaci\u00f3n de la Ley Antiterrorista durante esta semana en la C\u00e1mara de Diputados, la que precisa la calificaci\u00f3n de los actos terroristas, otorga m\u00e9todos de investigaci\u00f3n intrusivos, sanciona la comisi\u00f3n de delitos conexos e incorpora acciones efectivas de protecci\u00f3n de testigos\u201d.&nbsp;<\/p>\n","protected":false},"excerpt":{"rendered":"<p>Corte Suprema confirma juicio y condena de 23 a\u00f1os a H\u00e9ctor Llaitul. La ONG espera, adem\u00e1s, que se persiga y sancione penalmente una serie de atentados que habr\u00eda perpetrado la Coordinadora Arauco Malleco en las regiones de Los R\u00edos y Los Lagos. <\/p>\n","protected":false},"author":1,"featured_media":22765,"comment_status":"closed","ping_status":"closed","sticky":false,"template":"","format":"standard","meta":{"footnotes":""},"categories":[3,9,6],"tags":[2118,2606,3368,2997,337,607,273,247,133],"class_list":["post-22764","post","type-post","status-publish","format-standard","has-post-thumbnail","hentry","category-al-dia","category-gobierno","category-politica","tag-semanariolocal","tag-cam","tag-campo-seguro","tag-hector-llaitul","tag-informacion","tag-nacional","tag-noticias","tag-region-de-los-lagos","tag-semanario-local"],"_links":{"self":[{"href":"https:\/\/www.semanariolocal.cl\/index.php?rest_route=\/wp\/v2\/posts\/22764","targetHints":{"allow":["GET"]}}],"collection":[{"href":"https:\/\/www.semanariolocal.cl\/index.php?rest_route=\/wp\/v2\/posts"}],"about":[{"href":"https:\/\/www.semanariolocal.cl\/index.php?rest_route=\/wp\/v2\/types\/post"}],"author":[{"embeddable":true,"href":"https:\/\/www.semanariolocal.cl\/index.php?rest_route=\/wp\/v2\/users\/1"}],"replies":[{"embeddable":true,"href":"https:\/\/www.semanariolocal.cl\/index.php?rest_route=%2Fwp%2Fv2%2Fcomments&post=22764"}],"version-history":[{"count":1,"href":"https:\/\/www.semanariolocal.cl\/index.php?rest_route=\/wp\/v2\/posts\/22764\/revisions"}],"predecessor-version":[{"id":22766,"href":"https:\/\/www.semanariolocal.cl\/index.php?rest_route=\/wp\/v2\/posts\/22764\/revisions\/22766"}],"wp:featuredmedia":[{"embeddable":true,"href":"https:\/\/www.semanariolocal.cl\/index.php?rest_route=\/wp\/v2\/media\/22765"}],"wp:attachment":[{"href":"https:\/\/www.semanariolocal.cl\/index.php?rest_route=%2Fwp%2Fv2%2Fmedia&parent=22764"}],"wp:term":[{"taxonomy":"category","embeddable":true,"href":"https:\/\/www.semanariolocal.cl\/index.php?rest_route=%2Fwp%2Fv2%2Fcategories&post=22764"},{"taxonomy":"post_tag","embeddable":true,"href":"https:\/\/www.semanariolocal.cl\/index.php?rest_route=%2Fwp%2Fv2%2Ftags&post=22764"}],"curies":[{"name":"wp","href":"https:\/\/api.w.org\/{rel}","templated":true}]}}