{"id":2274,"date":"2021-10-05T09:26:00","date_gmt":"2021-10-05T12:26:00","guid":{"rendered":"https:\/\/www.semanariolocal.cl\/?p=2274"},"modified":"2021-10-05T18:29:31","modified_gmt":"2021-10-05T21:29:31","slug":"ivan-alvarez-y-solange-lackington-seran-observadores-significativos-del-ete-2021","status":"publish","type":"post","link":"https:\/\/www.semanariolocal.cl\/?p=2274","title":{"rendered":"Iv\u00e1n \u00c1lvarez y Solange Lackington ser\u00e1n observadores significativos del ETE 2021"},"content":{"rendered":"\n<p style=\"font-size:17px\">A pocas semanas de realizarse el XII Encuentro de Teatro Escolar ETE 2021, las organizadoras revelaron a los actores y actrices que ser\u00e1n parte del evento, espacio donde los estudiantes podr\u00e1n intercambiar sus intereses creativos y experiencia emocional, compartiendo y dialogando -actualmente de forma virtual- con otros j\u00f3venes y profesores vinculados al arte teatral.<\/p>\n\n\n\n<p style=\"font-size:17px\">Esto lo detall\u00f3 una de las creadora y organizadora del ETE, Daniela Carrillo, quien relat\u00f3 que como agrupaci\u00f3n \u201cestamos muy contentas de realizar nuevamente el encuentro&nbsp;<em>on line<\/em>&nbsp;debido a la situaci\u00f3n sanitaria que estamos viviendo, pero con toda la fe y esperanza de que el pr\u00f3ximo a\u00f1o podamos recuperar la presencialidad, por lo que estamos poniendo todos nuestros esfuerzos y ganas para que sea una experiencia bonita para todos los ni\u00f1os y ni\u00f1as\u201d.<\/p>\n\n\n\n<p style=\"font-size:17px\">En ese contexto es que ya est\u00e1n confirmados los \u201cObservadores Significativos\u201d, categor\u00eda que el ETE entrega a los actores y actrices que participan los 3 d\u00edas \u201cquienes adem\u00e1s son personas reconocidas en su \u00e1rea a nivel nacional y local, que cumplen un rol de observar todos los montajes teatrales que los ni\u00f1os y ni\u00f1as presentan y luego, al final de la jornada, entregan un comentario, observaci\u00f3n y las impresiones que tuvo del trabajo\u201d.<\/p>\n\n\n\n<p style=\"font-size:17px\">Carrillo fue enf\u00e1tica en se\u00f1alar que no son jurados \u201cporque no es un juicio, no hay un ganador y no hay un perdedor, por eso le pusimos esta denominaci\u00f3n y este a\u00f1o contamos con la presencia de 6 actores y actrices, dos diarios, que nos acompa\u00f1aran el 25, 26 y 27 de octubre\u201d, quienes ser\u00e1n Solange Lackington, Tito Bustamante (docente del DUOC), Gustavo Becerra (en representaci\u00f3n del Sindicato de Actores y Actrices de Chile, Sidarte), Iv\u00e1n \u00c1lvarez de Araya, Patricia Cuyul y Crist\u00f3bal Valenzuela (dramaturgo).<\/p>\n\n\n\n<p style=\"font-size:17px\">Por su parte, el seremi de las Culturas, las Artes y el Patrimonio, C\u00e9sar Pardo, valor\u00f3 la pr\u00f3xima realizaci\u00f3n del encuentro y la posibilidad de acercar a los estudiantes a talentos consagrados del pa\u00eds \u201cquienes sin duda entregar\u00e1n su experiencia y su visi\u00f3n sobre la actuaci\u00f3n en una etapa temprana de desarrollo de los ni\u00f1os y ni\u00f1as, lo que tambi\u00e9n fomenta su autoestima y su conocimiento de las artes esc\u00e9nicas\u201d.<\/p>\n\n\n\n<p style=\"font-size:17px\">Finalmente, la organizadora destac\u00f3 que la presencia de estos reconocidos actores y actrices \u201cle da un gran realce a este encuentro, adem\u00e1s de la importancia que se merecen las creaciones de los ni\u00f1os y ni\u00f1as en esta etapa escolar\u201d.<\/p>\n","protected":false},"excerpt":{"rendered":"<p>A ellos se suman Gustavo Becerra, Tito Bustamante, Patricia Cuyul y Crist\u00f3bal Valenzuela, quienes tambi\u00e9n participar\u00e1n en el Encuentro de Teatro Escolar que se desarrollar\u00e1 el 25, 26 y 27 de octubre, instancia financiada por el Ministerio de las Culturas, las Artes y el Patrimonio.<\/p>\n","protected":false},"author":1,"featured_media":2275,"comment_status":"closed","ping_status":"closed","sticky":false,"template":"","format":"standard","meta":{"footnotes":""},"categories":[3,10],"tags":[],"class_list":["post-2274","post","type-post","status-publish","format-standard","has-post-thumbnail","hentry","category-al-dia","category-cultura"],"_links":{"self":[{"href":"https:\/\/www.semanariolocal.cl\/index.php?rest_route=\/wp\/v2\/posts\/2274","targetHints":{"allow":["GET"]}}],"collection":[{"href":"https:\/\/www.semanariolocal.cl\/index.php?rest_route=\/wp\/v2\/posts"}],"about":[{"href":"https:\/\/www.semanariolocal.cl\/index.php?rest_route=\/wp\/v2\/types\/post"}],"author":[{"embeddable":true,"href":"https:\/\/www.semanariolocal.cl\/index.php?rest_route=\/wp\/v2\/users\/1"}],"replies":[{"embeddable":true,"href":"https:\/\/www.semanariolocal.cl\/index.php?rest_route=%2Fwp%2Fv2%2Fcomments&post=2274"}],"version-history":[{"count":1,"href":"https:\/\/www.semanariolocal.cl\/index.php?rest_route=\/wp\/v2\/posts\/2274\/revisions"}],"predecessor-version":[{"id":2276,"href":"https:\/\/www.semanariolocal.cl\/index.php?rest_route=\/wp\/v2\/posts\/2274\/revisions\/2276"}],"wp:featuredmedia":[{"embeddable":true,"href":"https:\/\/www.semanariolocal.cl\/index.php?rest_route=\/wp\/v2\/media\/2275"}],"wp:attachment":[{"href":"https:\/\/www.semanariolocal.cl\/index.php?rest_route=%2Fwp%2Fv2%2Fmedia&parent=2274"}],"wp:term":[{"taxonomy":"category","embeddable":true,"href":"https:\/\/www.semanariolocal.cl\/index.php?rest_route=%2Fwp%2Fv2%2Fcategories&post=2274"},{"taxonomy":"post_tag","embeddable":true,"href":"https:\/\/www.semanariolocal.cl\/index.php?rest_route=%2Fwp%2Fv2%2Ftags&post=2274"}],"curies":[{"name":"wp","href":"https:\/\/api.w.org\/{rel}","templated":true}]}}