{"id":22692,"date":"2024-07-26T18:30:00","date_gmt":"2024-07-26T22:30:00","guid":{"rendered":"https:\/\/www.semanariolocal.cl\/?p=22692"},"modified":"2024-07-26T19:08:11","modified_gmt":"2024-07-26T23:08:11","slug":"cesfam-de-rio-negro-se-suma-a-la-estrategia-ministerial-telesalud","status":"publish","type":"post","link":"https:\/\/www.semanariolocal.cl\/?p=22692","title":{"rendered":"CESFAM de R\u00edo Negro se suma a la estrategia ministerial Telesalud"},"content":{"rendered":"\n<p>El Centro de Salud Familiar (CESFAM) \u201cPracticante Pablo Araya\u201d de la comuna de R\u00edo Negro, se convirti\u00f3 en el cuarto establecimiento de la Red Asistencial de la provincia de Osorno en ejecutar la estrategia ministerial \u201cTelesalud\u201d, que es implementada por el Servicio de&nbsp;Salud&nbsp;Osorno (SSO), a trav\u00e9s de sus Departamentos de Atenci\u00f3n Primaria y Articulaci\u00f3n de la Red, en un estrecho trabajo con los equipos locales. &nbsp;&nbsp;&nbsp;<\/p>\n\n\n\n<p>Telesalud es una&nbsp;plataforma tecnol\u00f3gica de gesti\u00f3n remota y priorizada de la demanda usuaria, dirigida a la poblaci\u00f3n beneficiaria (inscrita)&nbsp;del establecimiento, ya sea para&nbsp;asignaci\u00f3n de citas, atenciones u otros, permitiendo&nbsp;acercar y mejorar el acceso, as\u00ed como la pertinencia territorial de las prestaciones que este brinda.<\/p>\n\n\n\n<p>Al lanzamiento oficial efectuado el 24 de junio en el sal\u00f3n cultural rionegrino,&nbsp;asistieron diversas autoridades provinciales y locales, referente ministerial, adem\u00e1s de representantes de los equipos implementadores, de&nbsp;salud municipal,&nbsp;de la Delegaci\u00f3n Presidencial Provincial, de Seremi de salud y de la comunidad usuaria;&nbsp;quienes valoraron este sistema que posibilita una mejor resolutividad y oportunidad de la prestaci\u00f3n, evitando muchas veces que el usuario deba desplazarse al CESFAM.&nbsp;&nbsp;<\/p>\n\n\n\n<p>\u201cLo que hace la estrategia es reconocer la capacidad que tienen los usuarios de preguntar lo que necesitan y que la respuesta la obtengan por v\u00eda telef\u00f3nica o por correo, o presencial. Esto nos permite que, por ejemplo, si queremos conocer la evaluaci\u00f3n de los resultados de ex\u00e1menes, no tengo que ir al centro de salud para que el m\u00e9dico me diga presencialmente que estoy bien, basta con que me llame y me env\u00ede los resultados\u201d, explic\u00f3 en la oportunidad el director del SSO, Rodrigo Alarc\u00f3n.&nbsp; &nbsp;<\/p>\n\n\n\n<p>Por su parte, el alcalde de R\u00edo Negro, Sebasti\u00e1n Cruzat, junto con agradecer \u201cla disposici\u00f3n que ha tenido el Servicio de Salud Osorno a trav\u00e9s de su director\u201d, coment\u00f3 que \u201ca trav\u00e9s de este nuevo sistema, lo que se espera es lograr reducir un porcentaje importante de este tipo de atenciones en este piloto que se est\u00e1 desarrollando, donde R\u00edo Negro ha sido favorecido para poder implementar esta plataforma de atenci\u00f3n en que, a la fecha, ya tenemos una cantidad de consultas importantes y esperamos tambi\u00e9n que podamos resolverlas a la brevedad\u201d.<\/p>\n\n\n\n<p>Desde el Departamento de Salud Digital del Ministerio de Salud, la encargada de proyectos, Ana Duarte, detall\u00f3 que \u201ceste es un sistema que permite solicitar atenci\u00f3n en el centro de atenci\u00f3n primaria, luego un equipo capacitado recibe las solicitudes, las prioriza, las categoriza y define si se resolver\u00e1 v\u00eda remota o con un agendamiento posterior. As\u00ed se puede organizar la demanda, evitando congesti\u00f3n en el centro de salud y contribuyendo as\u00ed a la satisfacci\u00f3n usuaria\u201d.<\/p>\n\n\n\n<p>Maribel G\u00f3mez es una de las usuarias que ha utilizado esta estrategia en la comuna, quien expres\u00f3 que \u201cpara todos al final va a ser un beneficio, para los adultos mayores sobre todo y por ejemplo para quienes somos del sector rural, en mi caso desde que se empez\u00f3 a implementar ha sido genial esto, porque me cuesta mucho venir para el centro\u201d.<\/p>\n\n\n\n<p>La implementaci\u00f3n de Telesalud en R\u00edo Negro comenz\u00f3 su marcha blanca a inicios de junio del presente a\u00f1o, registrando a la fecha cerca de 200 solicitudes, de las cuales casi la mitad fueron resueltas v\u00eda telef\u00f3nica, incluyendo requerimientos de&nbsp;recetas, certificados, revisi\u00f3n de ex\u00e1menes y otros. Por otro lado, a nivel provincial desde abril de 2023 a la fecha, m\u00e1s de 5.700 personas&nbsp;han utilizado la estrategia, alcanzando ya m\u00e1s de 12.600 mil solicitudes.<\/p>\n","protected":false},"excerpt":{"rendered":"<p>Se trata del cuarto establecimiento de la red provincial de salud en habilitar esta plataforma remota de atenci\u00f3n.<\/p>\n","protected":false},"author":1,"featured_media":22693,"comment_status":"closed","ping_status":"closed","sticky":false,"template":"","format":"standard","meta":{"footnotes":""},"categories":[3,8,9,2484],"tags":[2118,337,273,132,247,770,56,133],"class_list":["post-22692","post","type-post","status-publish","format-standard","has-post-thumbnail","hentry","category-al-dia","category-comunas","category-gobierno","category-salud","tag-semanariolocal","tag-informacion","tag-noticias","tag-osorno","tag-region-de-los-lagos","tag-rio-negro","tag-salud","tag-semanario-local"],"_links":{"self":[{"href":"https:\/\/www.semanariolocal.cl\/index.php?rest_route=\/wp\/v2\/posts\/22692","targetHints":{"allow":["GET"]}}],"collection":[{"href":"https:\/\/www.semanariolocal.cl\/index.php?rest_route=\/wp\/v2\/posts"}],"about":[{"href":"https:\/\/www.semanariolocal.cl\/index.php?rest_route=\/wp\/v2\/types\/post"}],"author":[{"embeddable":true,"href":"https:\/\/www.semanariolocal.cl\/index.php?rest_route=\/wp\/v2\/users\/1"}],"replies":[{"embeddable":true,"href":"https:\/\/www.semanariolocal.cl\/index.php?rest_route=%2Fwp%2Fv2%2Fcomments&post=22692"}],"version-history":[{"count":1,"href":"https:\/\/www.semanariolocal.cl\/index.php?rest_route=\/wp\/v2\/posts\/22692\/revisions"}],"predecessor-version":[{"id":22694,"href":"https:\/\/www.semanariolocal.cl\/index.php?rest_route=\/wp\/v2\/posts\/22692\/revisions\/22694"}],"wp:featuredmedia":[{"embeddable":true,"href":"https:\/\/www.semanariolocal.cl\/index.php?rest_route=\/wp\/v2\/media\/22693"}],"wp:attachment":[{"href":"https:\/\/www.semanariolocal.cl\/index.php?rest_route=%2Fwp%2Fv2%2Fmedia&parent=22692"}],"wp:term":[{"taxonomy":"category","embeddable":true,"href":"https:\/\/www.semanariolocal.cl\/index.php?rest_route=%2Fwp%2Fv2%2Fcategories&post=22692"},{"taxonomy":"post_tag","embeddable":true,"href":"https:\/\/www.semanariolocal.cl\/index.php?rest_route=%2Fwp%2Fv2%2Ftags&post=22692"}],"curies":[{"name":"wp","href":"https:\/\/api.w.org\/{rel}","templated":true}]}}