{"id":22628,"date":"2024-07-22T20:01:00","date_gmt":"2024-07-23T00:01:00","guid":{"rendered":"https:\/\/www.semanariolocal.cl\/?p=22628"},"modified":"2024-07-22T23:42:59","modified_gmt":"2024-07-23T03:42:59","slug":"celebracion-del-dia-del-cerebro-explorando-el-funcionamiento-de-la-mente-neurodivergente","status":"publish","type":"post","link":"https:\/\/www.semanariolocal.cl\/?p=22628","title":{"rendered":"Celebraci\u00f3n del d\u00eda del cerebro: Explorando la mente neurodivergente"},"content":{"rendered":"\n<p>En el D\u00eda del Cerebro, la Universidad San Sebasti\u00e1n (USS) se une a la comunidad cient\u00edfica mundial para celebrar y promover el entendimiento de uno de los \u00f3rganos m\u00e1s complejos y maravillosos del cuerpo humano. Este a\u00f1o, la conmemoraci\u00f3n pone un \u00e9nfasis especial en la neurodiversidad, resaltando las diferentes maneras en que funciona la mente neurodivergente y c\u00f3mo estas variaciones contribuyen al enriquecimiento de la sociedad.<\/p>\n\n\n\n<p>En la actualidad, la neurodivergencia ha dejado de ser considerada como un d\u00e9ficit y se valora la diversidad neurol\u00f3gica y su potencial en diversos \u00e1mbitos de la sociedad. Se estima que alrededor del 15% de la poblaci\u00f3n es neurodiversa, y se han encontrado diferencias anat\u00f3micas cerebrales que contribuyen a estas condiciones.<\/p>\n\n\n\n<p>Paula Dagnino, directora del Post\u00edtulo en Psicoterapia y Salud Mental para la Pr\u00e1ctica Actual en la USS, explica: \u201cEl t\u00e9rmino &#8216;neurodivergente&#8217; describe a las personas cuyas diferencias cerebrales afectan al funcionamiento de su cerebro. Eso significa que tienen puntos fuertes y retos distintos a los de las personas cuyos cerebros no presentan esas diferencias. A diferencia de los conceptos tradicionales de funcionamiento cerebral, hablar de neurodivergencia es reconocer y celebrar estas diferencias como variaciones normales dentro de las personas, en lugar de considerarlas patolog\u00edas o deficiencias que necesitan ser corregidas\u201d.<\/p>\n\n\n\n<p>La neurodiversidad es un concepto que reconoce y respeta las variaciones en el funcionamiento cerebral humano. En lugar de considerar condiciones como el autismo, el trastorno por d\u00e9ficit de atenci\u00f3n e hiperactividad (TDAH), la dislexia y otras diferencias neurol\u00f3gicas como discapacidades, la neurodiversidad las ve como variaciones naturales del cerebro humano. Estas diferencias aportan perspectivas \u00fanicas y habilidades especiales que son valiosas para la innovaci\u00f3n y la creatividad en todos los \u00e1mbitos de la vida.<\/p>\n\n\n\n<p>La revista Harvard Business Review public\u00f3 en 2017 \u201cLa neurodiversidad como ventaja competitiva\u201d, detallando las ventajas de contratar a personas neurodivergentes. Estas personas pueden ofrecer nuevas perspectivas y an\u00e1lisis \u00fanicos. Celebridades como Temple Grandin, Anthony Hopkins y Greta Thunberg son ejemplos de c\u00f3mo las personas neurodivergentes pueden tener un impacto significativo en su entorno.<\/p>\n\n\n\n<p><strong>Influencia en el comportamiento y habilidades cognitivas<\/strong><\/p>\n\n\n\n<p>\u201cLa neurodivergencia influye en el comportamiento y las habilidades cognitivas de una persona de varias maneras, dependiendo de la condici\u00f3n espec\u00edfica. Algunas personas pueden tener capacidades extraordinarias en \u00e1reas espec\u00edficas mientras enfrentan desaf\u00edos en otras. Por ejemplo, una persona con dislexia puede tener dificultades con la lectura, pero destacar en el procesamiento visual y espacial, lo que les hace aptos para campos como el dise\u00f1o gr\u00e1fico o la ingenier\u00eda\u201d, a\u00f1ade Dagnino.<\/p>\n\n\n\n<p>Las capacidades para adaptarse, capacidades motoras, cognitivas y conductuales var\u00edan seg\u00fan la condici\u00f3n, esto incluye la capacidad para aprender y aplicar habilidades en diferentes contextos. El comportamiento suele ser distinto a lo esperable, reaccionan de manera distinta a los est\u00edmulos lo que provoca a veces este comportamiento at\u00edpico. Suelen tener sensibilidades particulares al entorno, como a los ruidos, olores, etc.<\/p>\n\n\n\n<p>Respecto a las causas para la neurodivergencia, la docente de la Facultad de Psicolog\u00eda USS explica que \u201cson variadas y comprenden una mezcla de factores gen\u00e9ticos, prenatales y ambientales. Como ejemplo se han encontrado diferencias anat\u00f3micas cerebrales con variabilidad en las \u00e1reas de la corteza de frontal, temporal y parietal, as\u00ed como regiones de desarrollo filogen\u00e9ticamente tard\u00edo que son esenciales para funciones cognitivas complejas y espec\u00edficas del ser humano, como el razonamiento, el control de la atenci\u00f3n y el lenguaje. As\u00ed tambi\u00e9n se han encontrado m\u00faltiples genes importantes que pueden contribuir a esta condici\u00f3n, particularmente al autismo\u201d.<\/p>\n\n\n\n<p><strong>Condiciones neurodivergentes comunes<\/strong><\/p>\n\n\n\n<ol start=\"1\" class=\"wp-block-list\">\n<li><strong>Espectro autista:<\/strong> Las personas autistas a menudo tienen una percepci\u00f3n sensorial \u00fanica y pueden sobresalir en \u00e1reas que requieren atenci\u00f3n al detalle, memoria visual y habilidades l\u00f3gicas. Su capacidad para concentrarse profundamente en intereses espec\u00edficos puede llevar a logros significativos en campos como la ciencia, la tecnolog\u00eda y las artes.<\/li>\n\n\n\n<li><strong>Trastorno por D\u00e9ficit de Atenci\u00f3n con Hiperactividad (TDAH):<\/strong> Las personas con TDAH pueden tener altos niveles de energ\u00eda y creatividad. Su capacidad para pensar r\u00e1pidamente y abordar m\u00faltiples tareas simult\u00e1neamente puede ser una ventaja en entornos din\u00e1micos y de alta presi\u00f3n. Adem\u00e1s, muchos encuentran formas innovadoras de gestionar sus s\u00edntomas y aprovechar sus fortalezas.<\/li>\n\n\n\n<li><strong>Dislexia:<\/strong> Las personas con dislexia pueden tener dificultades con la lectura y la escritura, pero a menudo poseen una inteligencia visual y espacial superior. Muchos disl\u00e9xicos son pensadores fuera de lo com\u00fan, capaces de ver conexiones que otros pasan por alto y destacar en campos como el dise\u00f1o, la ingenier\u00eda y la narrativa visual.<\/li>\n<\/ol>\n\n\n\n<p>En este D\u00eda del Cerebro, la Universidad San Sebasti\u00e1n invita a la comunidad a reconocer y valorar la riqueza que aporta la neurodiversidad a la sociedad y a la educaci\u00f3n.<\/p>\n","protected":false},"excerpt":{"rendered":"<p>En el D\u00eda del Cerebro, la Universidad San Sebasti\u00e1n (USS) se une a la celebraci\u00f3n mundial para destacar la neurodiversidad y su impacto positivo en la sociedad. La neurodiversidad reconoce y respeta las variaciones en el funcionamiento cerebral humano, y condiciones como el Autismo, TDAH y Dislexia entre otros, son variaciones naturales y valiosas. Paula Dagnino, directora del Post\u00edtulo en Psicoterapia y Salud Mental para la Pr\u00e1ctica Actual en la USS, enfatiza la importancia de celebrar estas diferencias en lugar de considerarlas deficiencias.<\/p>\n","protected":false},"author":1,"featured_media":22629,"comment_status":"closed","ping_status":"closed","sticky":false,"template":"","format":"standard","meta":{"footnotes":""},"categories":[3302,3,11,3265,2484],"tags":[2118,337,273,3351,247,133,1127,1126],"class_list":["post-22628","post","type-post","status-publish","format-standard","has-post-thumbnail","hentry","category-academia","category-al-dia","category-educacion","category-psicologia","category-salud","tag-semanariolocal","tag-informacion","tag-noticias","tag-paula-dagnino","tag-region-de-los-lagos","tag-semanario-local","tag-universidad-san-sebastian","tag-uss"],"_links":{"self":[{"href":"https:\/\/www.semanariolocal.cl\/index.php?rest_route=\/wp\/v2\/posts\/22628","targetHints":{"allow":["GET"]}}],"collection":[{"href":"https:\/\/www.semanariolocal.cl\/index.php?rest_route=\/wp\/v2\/posts"}],"about":[{"href":"https:\/\/www.semanariolocal.cl\/index.php?rest_route=\/wp\/v2\/types\/post"}],"author":[{"embeddable":true,"href":"https:\/\/www.semanariolocal.cl\/index.php?rest_route=\/wp\/v2\/users\/1"}],"replies":[{"embeddable":true,"href":"https:\/\/www.semanariolocal.cl\/index.php?rest_route=%2Fwp%2Fv2%2Fcomments&post=22628"}],"version-history":[{"count":2,"href":"https:\/\/www.semanariolocal.cl\/index.php?rest_route=\/wp\/v2\/posts\/22628\/revisions"}],"predecessor-version":[{"id":22637,"href":"https:\/\/www.semanariolocal.cl\/index.php?rest_route=\/wp\/v2\/posts\/22628\/revisions\/22637"}],"wp:featuredmedia":[{"embeddable":true,"href":"https:\/\/www.semanariolocal.cl\/index.php?rest_route=\/wp\/v2\/media\/22629"}],"wp:attachment":[{"href":"https:\/\/www.semanariolocal.cl\/index.php?rest_route=%2Fwp%2Fv2%2Fmedia&parent=22628"}],"wp:term":[{"taxonomy":"category","embeddable":true,"href":"https:\/\/www.semanariolocal.cl\/index.php?rest_route=%2Fwp%2Fv2%2Fcategories&post=22628"},{"taxonomy":"post_tag","embeddable":true,"href":"https:\/\/www.semanariolocal.cl\/index.php?rest_route=%2Fwp%2Fv2%2Ftags&post=22628"}],"curies":[{"name":"wp","href":"https:\/\/api.w.org\/{rel}","templated":true}]}}