{"id":22563,"date":"2024-07-19T10:49:00","date_gmt":"2024-07-19T14:49:00","guid":{"rendered":"https:\/\/www.semanariolocal.cl\/?p=22563"},"modified":"2024-07-19T23:00:51","modified_gmt":"2024-07-20T03:00:51","slug":"junji-realizo-reconocimiento-a-la-excelencia-de-educadora-de-la-region","status":"publish","type":"post","link":"https:\/\/www.semanariolocal.cl\/?p=22563","title":{"rendered":"Junji realiz\u00f3 reconocimiento a la excelencia de educadora de la regi\u00f3n"},"content":{"rendered":"\n<p>Las autoridades de la Junta Nacional de Jardines Infantiles (JUNJI) Los Lagos saludaron y destacaron este gran logro que releva su trabajo, formaci\u00f3n continua y compromiso con la educaci\u00f3n parvularia. Este tramo alcanzado reconoce sus a\u00f1os de experiencia, la construcci\u00f3n de su Portafolio y la Evaluaci\u00f3n de Conocimientos Espec\u00edficos y Pedag\u00f3gicos, obteniendo as\u00ed altas calificaciones.<\/p>\n\n\n\n<p>\u201cAgradecemos y reconocemos el trabajo desarrollado por las educadoras en la regi\u00f3n. Es un gran logro que fortalece nuestra Educaci\u00f3n Parvularia de calidad, con profesionales altamente capacitados y comprometidos con su labor que aseguran nuestro compromiso del bienestar integral para todos y todas\u201d, sostuvo Claudia Alvarez.<\/p>\n\n\n\n<p>Las seis funcionarias de la regi\u00f3n que fueron reconocidos son: Inga Guzm\u00e1n, Marcela Aros -ambas del jard\u00edn infantil Papelucho de Osorno-, Vanesa Ulloa -del jard\u00edn infantil Bosque de Colores de Osorno-, Gladys Moraga -del jard\u00edn infantil Blanca Nieves de Osorno-, Rosa S\u00e1ez -del Jard\u00edn Infantil Estrellita de Osorno- y Daniela Gonzalez -del Jard\u00edn Infantil La Gotita de Puerto Montt-.<\/p>\n\n\n\n<p>\u201cFue una sorpresa este reconocimiento organizado por la instituci\u00f3n junto a las colegas. Fue una bonita jornada de conversaci\u00f3n y reflexi\u00f3n sobre la importancia de este logro que obtuvimos con relaci\u00f3n a nuestro desarrollo profesional; esperamos que sea un aporte para las colegas que prontamente se van a evaluar\u201d, destac\u00f3 Vanesa Ulloa.<\/p>\n\n\n\n<p>\u201cAgradecida de que se nos reconozca los logros obtenidos. Feliz, tambi\u00e9n, por el resultado personal. Esto, es el fruto del esfuerzo del trabajo realizado y el compromiso que uno tiene con la educaci\u00f3n parvularia, porque esta es una carrera que requiere mucha educaci\u00f3n y mucho amor\u201d, resalt\u00f3 Daniela Gonzalez.<\/p>\n\n\n\n<p>Desde el 2020, la JUNJI ha acompa\u00f1ado el proceso de m\u00e1s de 4 mil educadoras, quienes&nbsp;instalan a la Educaci\u00f3n Parvularia en el m\u00e1s alto nivel.<\/p>\n","protected":false},"excerpt":{"rendered":"<p>La directora regional (s) Claudia \u00c1lvarez y representantes de Calidad Educativa de la instituci\u00f3n compartieron y premiaron a seis funcionarias de la regi\u00f3n que alcanzaron el tramo avanzado Experto II; el nivel m\u00e1s alto en el proceso de la Carrera Docente.<\/p>\n","protected":false},"author":1,"featured_media":22564,"comment_status":"closed","ping_status":"closed","sticky":false,"template":"","format":"standard","meta":{"footnotes":""},"categories":[11,9,2483],"tags":[2118,337,35,349,348,273,247,133],"class_list":["post-22563","post","type-post","status-publish","format-standard","has-post-thumbnail","hentry","category-educacion","category-gobierno","category-region","tag-semanariolocal","tag-informacion","tag-junji","tag-junji-chile","tag-junji-los-lagos","tag-noticias","tag-region-de-los-lagos","tag-semanario-local"],"_links":{"self":[{"href":"https:\/\/www.semanariolocal.cl\/index.php?rest_route=\/wp\/v2\/posts\/22563","targetHints":{"allow":["GET"]}}],"collection":[{"href":"https:\/\/www.semanariolocal.cl\/index.php?rest_route=\/wp\/v2\/posts"}],"about":[{"href":"https:\/\/www.semanariolocal.cl\/index.php?rest_route=\/wp\/v2\/types\/post"}],"author":[{"embeddable":true,"href":"https:\/\/www.semanariolocal.cl\/index.php?rest_route=\/wp\/v2\/users\/1"}],"replies":[{"embeddable":true,"href":"https:\/\/www.semanariolocal.cl\/index.php?rest_route=%2Fwp%2Fv2%2Fcomments&post=22563"}],"version-history":[{"count":1,"href":"https:\/\/www.semanariolocal.cl\/index.php?rest_route=\/wp\/v2\/posts\/22563\/revisions"}],"predecessor-version":[{"id":22565,"href":"https:\/\/www.semanariolocal.cl\/index.php?rest_route=\/wp\/v2\/posts\/22563\/revisions\/22565"}],"wp:featuredmedia":[{"embeddable":true,"href":"https:\/\/www.semanariolocal.cl\/index.php?rest_route=\/wp\/v2\/media\/22564"}],"wp:attachment":[{"href":"https:\/\/www.semanariolocal.cl\/index.php?rest_route=%2Fwp%2Fv2%2Fmedia&parent=22563"}],"wp:term":[{"taxonomy":"category","embeddable":true,"href":"https:\/\/www.semanariolocal.cl\/index.php?rest_route=%2Fwp%2Fv2%2Fcategories&post=22563"},{"taxonomy":"post_tag","embeddable":true,"href":"https:\/\/www.semanariolocal.cl\/index.php?rest_route=%2Fwp%2Fv2%2Ftags&post=22563"}],"curies":[{"name":"wp","href":"https:\/\/api.w.org\/{rel}","templated":true}]}}