{"id":22535,"date":"2024-07-17T09:18:00","date_gmt":"2024-07-17T13:18:00","guid":{"rendered":"https:\/\/www.semanariolocal.cl\/?p=22535"},"modified":"2024-07-17T23:26:59","modified_gmt":"2024-07-18T03:26:59","slug":"sercotec-incorpora-a-institutos-auxiliares-para-postular-a-programa-gremios-nacionales-2024","status":"publish","type":"post","link":"https:\/\/www.semanariolocal.cl\/?p=22535","title":{"rendered":"Sercotec incorpora a Institutos Auxiliares para postular a programa Gremios Nacionales 2024"},"content":{"rendered":"\n<p>El Servicio de Cooperaci\u00f3n T\u00e9cnica, Sercotec, dependiente del Ministerio de Econom\u00eda, Fomento y Turismo anunci\u00f3 la apertura de su programa Gremios Nacionales, iniciativa que busca apoyar el fortalecimiento de organizaciones representativas de micro y peque\u00f1as empresas, gremios y cooperativas.<\/p>\n\n\n\n<p>Para su convocatoria 2024, la iniciativa increment\u00f3 su presupuesto en un 52% respecto al a\u00f1o anterior, superando los $339 millones, y ampli\u00f3 los tipos de organizaciones que pueden postular, incorporando a los institutos auxiliares.<\/p>\n\n\n\n<p>La subsecretaria de Econom\u00eda y Empresas de Menor Tama\u00f1o, Javiera Petersen, destac\u00f3 la importancia de programa, asegurando que \u201ces un programa de gran relevancia ya que permite fortalecer a las asociaciones gremiales. Estamos convencidos que robustecer la asociatividad econ\u00f3mica es el camino correcto, para as\u00ed tener m\u00e1s y mejores capacidades de representaci\u00f3n en espacios de incidencia en la elaboraci\u00f3n de las pol\u00edticas p\u00fablicas. Con este programa estamos dando nuevas herramientas que permitir\u00e1n implementar mejoras y adaptarse a los cambios dentro de las distintas asociaciones\u00bb.<\/p>\n\n\n\n<p>Con esta inversi\u00f3n se espera que las organizaciones beneficiarias puedan implementar un plan de trabajo orientado a fortalecer su asociatividad y capacidad de gesti\u00f3n a trav\u00e9s del financiamiento de capacitaciones; asistencia a ferias, exposiciones y eventos; misiones comerciales y\/o tecnol\u00f3gicas; inversi\u00f3n en activos fijos e intangibles; y habilitaci\u00f3n de infraestructura, entre otros \u00edtems.<\/p>\n\n\n\n<p>Una de las novedades del programa en esta nueva versi\u00f3n es que considerar\u00e1 la participaci\u00f3n de los institutos auxiliares de Cooperativas, lo cual permite, entre otras cosas, fortalecer los principios cooperativos: \u201cEsto considera impulsar las tem\u00e1ticas de sustentabilidad, asociatividad, internacionalizaci\u00f3n y enfoque de g\u00e9nero. Asimismo, se fortalecen entidades que se configuran desde las bases cooperativas, hay un robustecimiento y generaci\u00f3n de especializaci\u00f3n t\u00e9cnica en la asistencia y acompa\u00f1amiento a las cooperativas. Generaci\u00f3n de nichos de formaci\u00f3n de gestores de cooperativas y hay una proyecci\u00f3n de creaci\u00f3n de institutos auxiliares a nivel regional desarrollando capacidades en la regi\u00f3n\u201d, entre otros beneficios, explic\u00f3 la gerenta general de Sercotec, Mar\u00eda Jos\u00e9 Becerra Moro.<\/p>\n\n\n\n<p>Al programa pueden acceder confederaciones, federaciones, institutos auxiliares o asociaciones gremiales que posean car\u00e1cter nacional, cuyos socios tengan domicilio en m\u00e1s de una regi\u00f3n del pa\u00eds.<\/p>\n\n\n\n<p>Las organizaciones interesadas pueden postular hasta el 31 de julio en el sitio www.sercotec.cl.<\/p>\n","protected":false},"excerpt":{"rendered":"<p>La entidad increment\u00f3 en un 52% el presupuesto para la iniciativa que otorga subsidios de hasta $20 millones a organizaciones representativas de micro y peque\u00f1as empresas, gremios y cooperativas de car\u00e1cter nacional. <\/p>\n","protected":false},"author":1,"featured_media":22536,"comment_status":"closed","ping_status":"closed","sticky":false,"template":"","format":"standard","meta":{"footnotes":""},"categories":[3,9],"tags":[337,273,132,247,133,914],"class_list":["post-22535","post","type-post","status-publish","format-standard","has-post-thumbnail","hentry","category-al-dia","category-gobierno","tag-informacion","tag-noticias","tag-osorno","tag-region-de-los-lagos","tag-semanario-local","tag-sercotec"],"_links":{"self":[{"href":"https:\/\/www.semanariolocal.cl\/index.php?rest_route=\/wp\/v2\/posts\/22535","targetHints":{"allow":["GET"]}}],"collection":[{"href":"https:\/\/www.semanariolocal.cl\/index.php?rest_route=\/wp\/v2\/posts"}],"about":[{"href":"https:\/\/www.semanariolocal.cl\/index.php?rest_route=\/wp\/v2\/types\/post"}],"author":[{"embeddable":true,"href":"https:\/\/www.semanariolocal.cl\/index.php?rest_route=\/wp\/v2\/users\/1"}],"replies":[{"embeddable":true,"href":"https:\/\/www.semanariolocal.cl\/index.php?rest_route=%2Fwp%2Fv2%2Fcomments&post=22535"}],"version-history":[{"count":1,"href":"https:\/\/www.semanariolocal.cl\/index.php?rest_route=\/wp\/v2\/posts\/22535\/revisions"}],"predecessor-version":[{"id":22537,"href":"https:\/\/www.semanariolocal.cl\/index.php?rest_route=\/wp\/v2\/posts\/22535\/revisions\/22537"}],"wp:featuredmedia":[{"embeddable":true,"href":"https:\/\/www.semanariolocal.cl\/index.php?rest_route=\/wp\/v2\/media\/22536"}],"wp:attachment":[{"href":"https:\/\/www.semanariolocal.cl\/index.php?rest_route=%2Fwp%2Fv2%2Fmedia&parent=22535"}],"wp:term":[{"taxonomy":"category","embeddable":true,"href":"https:\/\/www.semanariolocal.cl\/index.php?rest_route=%2Fwp%2Fv2%2Fcategories&post=22535"},{"taxonomy":"post_tag","embeddable":true,"href":"https:\/\/www.semanariolocal.cl\/index.php?rest_route=%2Fwp%2Fv2%2Ftags&post=22535"}],"curies":[{"name":"wp","href":"https:\/\/api.w.org\/{rel}","templated":true}]}}