{"id":22532,"date":"2024-07-17T18:00:00","date_gmt":"2024-07-17T22:00:00","guid":{"rendered":"https:\/\/www.semanariolocal.cl\/?p=22532"},"modified":"2024-07-17T23:18:20","modified_gmt":"2024-07-18T03:18:20","slug":"variada-cartelera-trae-para-este-ano-el-festival-de-teatro-en-osorno","status":"publish","type":"post","link":"https:\/\/www.semanariolocal.cl\/?p=22532","title":{"rendered":"Variada cartelera trae para este a\u00f1o el Festival de Teatro en Osorno"},"content":{"rendered":"\n<p>Reconocidos rostros de las tablas chilenas; como Tamara Acosta, Ximena Rivas, \u00c1lvaro Rudolphy, Basti\u00e1n Bodenh\u00f6fer, Mat\u00edas Oviedo, Carlos D\u00edas y \u00c1lvaro Espinoza pisar\u00e1n suelo osornino la pr\u00f3xima semana para dar vida a uno de los festivales teatrales m\u00e1s antiguos del sur de nuestro pa\u00eds.<\/p>\n\n\n\n<p>Con el aporte entregado por el Municipio Local y que alcanza la cifra de 50 millones de pesos <em>se reduce de manera considerable el valor de las entradas, que tienen un costo de $4.000 pesos<\/em>, segun se\u00f1ala Rosana Fa\u00fandez, directora general del evento.<\/p>\n\n\n\n<p>Fue el propio alcalde Emeterio Carrillo y los concejales Herta Lic\u00e1n, Miguel Arredondo y Mario Troncoso quienes participaron del lanzamiento de 26\u00b0 Festival de Teatro Osorno 2024, el cual tendr\u00e1 como epicentro el sal\u00f3n de eventos del Hotel Sonesta, ubicado en calle Ej\u00e9rcito #395, en el sector de Rahue Bajo.<\/p>\n\n\n\n<p>Las entradas se est\u00e1n vendiendo en el Centro Cultural de Osorno, ubicado en calle Manuel Antonio Matta #556, en horario de 15:00 a 19:00 horas, aforo mil personas por d\u00eda.<\/p>\n\n\n\n<p><strong><em><u>CARTELERA FESTIVAL DE TEATRO OSORNO 2024:<\/u><\/em><\/strong><\/p>\n\n\n\n<p><strong>MARTES 23 DE JULIO 2024,&nbsp;<\/strong><strong>20:00 HORAS, HOTEL SONESTA.<\/strong><\/p>\n\n\n\n<p><strong>\u00abEL GUIONISTA DEL PRESIDENTE\u00bb:&nbsp;<\/strong>Es una comedia aguda. Narra el acontecer de un Presidente de la Rep\u00fablica que, en el contexto de su evaluaci\u00f3n como autoridad, se ve obligado a anunciar medidas impopulares que le afectar\u00e1n su Mandato. As\u00ed, el Presidente buscar\u00e1 estrategias para no perjudicar su imagen, junto a sus asesores y al guionista estrella del momento, que lo acompa\u00f1a en esta s\u00e1tira que seguro sorprender\u00e1 por su contingencia y humor sano.<\/p>\n\n\n\n<p><strong>ELENCO:&nbsp;\u00c1lvaro Rudolphy, Carlos D\u00edaz Y Christian Z\u00fa\u00f1iga.<\/strong><\/p>\n\n\n\n<p><strong>MI\u00c9RCOLES 24 DE JULIO 2024,&nbsp;<\/strong><strong>20:00 HORAS, HOTEL SONESTA.<\/strong><\/p>\n\n\n\n<p><strong>\u00bfPOR QU\u00c9 NO SE VAN?:&nbsp;<\/strong>Es una Comedia pura. Narra la historia de un Matrimonio que despu\u00e9s de varios a\u00f1os dedicados a criar y armar su familia, con lo mejor para sus hijos\u2026, se enfrentan a la revelaci\u00f3n de que sus sue\u00f1os individuales han quedado en segundo plano\u2026 As\u00ed es como ambos deciden emprender un cambio radical en sus vidas, desafiando incluso las resistencias de sus propios hijos.<\/p>\n\n\n\n<p><strong>ELENCO:&nbsp;Ximena Rivas, Basti\u00e1n Bodenh\u00f6fer, Mar\u00eda Bodenh\u00f6fer, Caterina Ceccarelli y Rodrigo Walker.<\/strong><\/p>\n\n\n\n<p><strong>JUEVES 25 DE JULIO 2024,&nbsp;<\/strong><strong>20:00 HORAS, HOTEL SONESTA.<\/strong><\/p>\n\n\n\n<p><strong>\u00abINVENCIBLE\u00bb:&nbsp;<\/strong>Se trata de una Tragi-Comedia, de la que m\u00e1s de alguno se han sentido parte en la vida. Una pareja, de buen pasar econ\u00f3mico y cultural, que cree tener una visi\u00f3n humanista y de conciencia de clase, por ello deciden trasladarse a vivir a una zona perif\u00e9rica de la ciudad donde han residido por a\u00f1os, alejados de las comodidades y la confortabilidad. Ya en su nuevo hogar, y en un intento de romper el hielo, deciden invitar a sus vecinos, otra joven pareja, para conocerlos e iniciar amistad. No obstante, ni las buenas intenciones, ni el mayor esfuerzo de empat\u00eda lograr\u00e1n frenar el delirio de errores que ambas familias terminar\u00e1n viviendo en esta hora de trama teatral.<\/p>\n\n\n\n<p><strong>ELENCO:&nbsp;Mat\u00edas Oviedo, Magdalena M\u00fcller, Adriana Stuven Y Carlos Donoso.<\/strong><\/p>\n\n\n\n<p><strong>VIERNES 26 DE JULIO 2024,<\/strong><strong>&nbsp;20:00 HORAS, HOTEL SONESTA.<\/strong><\/p>\n\n\n\n<p><strong>\u201cELLA LO AMA\u201d:&nbsp;<\/strong>Se trata de una reflexi\u00f3n, con tintes de comedia, sobre la importancia del amor y de las pruebas que muchas veces las parejas deben sortear para que esa magia perdure en los a\u00f1os. Esta obra nos invita a responder interrogantes como \u00bffuncionan los intentos de querer comprender a tu pareja de otra manera que no sea la sentimental?. La historia se centra en la vida una pareja, que recibe la visita de un amigo de ambos, portador de noticias que provocar\u00e1n la reflexi\u00f3n sobre la permanencia del amor en sus vidas.<\/p>\n\n\n\n<p><strong>ELENCO:&nbsp;Tamara Acosta, Cristi\u00e1n Carvajal y \u00c1lvaro Espinoza.<\/strong><\/p>\n\n\n\n<p><strong>S\u00c1BADO 27 DE JULIO 2024,<\/strong><strong>&nbsp;16:00 HORAS, HOTEL SONESTA<\/strong><\/p>\n\n\n\n<p><strong>\u201cARIEL, LA SIRENITA\u201d:&nbsp;<\/strong>Ariel, es la menor de las siete hijas de Trit\u00f3n, el rey de los mares. La m\u00e1xima ilusi\u00f3n de esta Sirenita es conocer a los humanos\u2026, as\u00ed es como un d\u00eda de tormenta, el barco del pr\u00edncipe sufre un naufragio, y Ariel logra salvarlo para que no muera ahogado, enamor\u00e1ndose inmediatamente de \u00e9l. La malvada bruja del mar, \u00darsula, aprovecha esta ocasi\u00f3n para hacer un trato con Sirenita y ayudarla a convertirse en humano para que sea feliz junto a su pr\u00edncipe, y de esa manera urdir su plan para tomar el poder del Mar.<\/p>\n\n\n\n<p><strong>Teatro familiar \u2013 Infantil, con danza y m\u00fasica en vivo.<\/strong><\/p>\n","protected":false},"excerpt":{"rendered":"<p>Este festival es producido por la Corporaci\u00f3n Cultural de Osorno, y cuenta con el aporte del municipio local, que para este 2024 entreg\u00f3 la suma de 50 millones de pesos,<\/p>\n","protected":false},"author":1,"featured_media":22533,"comment_status":"closed","ping_status":"closed","sticky":false,"template":"","format":"standard","meta":{"footnotes":""},"categories":[3,2691,10],"tags":[337,273,132,247,133],"class_list":["post-22532","post","type-post","status-publish","format-standard","has-post-thumbnail","hentry","category-al-dia","category-arte","category-cultura","tag-informacion","tag-noticias","tag-osorno","tag-region-de-los-lagos","tag-semanario-local"],"_links":{"self":[{"href":"https:\/\/www.semanariolocal.cl\/index.php?rest_route=\/wp\/v2\/posts\/22532","targetHints":{"allow":["GET"]}}],"collection":[{"href":"https:\/\/www.semanariolocal.cl\/index.php?rest_route=\/wp\/v2\/posts"}],"about":[{"href":"https:\/\/www.semanariolocal.cl\/index.php?rest_route=\/wp\/v2\/types\/post"}],"author":[{"embeddable":true,"href":"https:\/\/www.semanariolocal.cl\/index.php?rest_route=\/wp\/v2\/users\/1"}],"replies":[{"embeddable":true,"href":"https:\/\/www.semanariolocal.cl\/index.php?rest_route=%2Fwp%2Fv2%2Fcomments&post=22532"}],"version-history":[{"count":1,"href":"https:\/\/www.semanariolocal.cl\/index.php?rest_route=\/wp\/v2\/posts\/22532\/revisions"}],"predecessor-version":[{"id":22534,"href":"https:\/\/www.semanariolocal.cl\/index.php?rest_route=\/wp\/v2\/posts\/22532\/revisions\/22534"}],"wp:featuredmedia":[{"embeddable":true,"href":"https:\/\/www.semanariolocal.cl\/index.php?rest_route=\/wp\/v2\/media\/22533"}],"wp:attachment":[{"href":"https:\/\/www.semanariolocal.cl\/index.php?rest_route=%2Fwp%2Fv2%2Fmedia&parent=22532"}],"wp:term":[{"taxonomy":"category","embeddable":true,"href":"https:\/\/www.semanariolocal.cl\/index.php?rest_route=%2Fwp%2Fv2%2Fcategories&post=22532"},{"taxonomy":"post_tag","embeddable":true,"href":"https:\/\/www.semanariolocal.cl\/index.php?rest_route=%2Fwp%2Fv2%2Ftags&post=22532"}],"curies":[{"name":"wp","href":"https:\/\/api.w.org\/{rel}","templated":true}]}}