{"id":22529,"date":"2024-07-17T19:00:00","date_gmt":"2024-07-17T23:00:00","guid":{"rendered":"https:\/\/www.semanariolocal.cl\/?p=22529"},"modified":"2024-07-17T23:11:05","modified_gmt":"2024-07-18T03:11:05","slug":"aprueban-programa-para-potenciar-la-promocion-turistica-de-la-region-de-los-lagos","status":"publish","type":"post","link":"https:\/\/www.semanariolocal.cl\/?p=22529","title":{"rendered":"Aprueban programa para potenciar la promoci\u00f3n tur\u00edstica de la regi\u00f3n de Los Lagos"},"content":{"rendered":"\n<p>El objetivo de este programa, que se realizar\u00e1 en un periodo de dos a\u00f1os, es incrementar la demanda tur\u00edstica durante la temporada media baja y equilibrar la distribuci\u00f3n de visitantes entre los diferentes destinos de la regi\u00f3n de Los Lagos, reduciendo la dependencia del mercado argentino, atrayendo nuevos mercados internacionales y potenciando los mercados nacionales existentes. Esto -seg\u00fan lo comentado por el servicio- se lograr\u00e1 mediante la promoci\u00f3n de actividades invernales, campa\u00f1as de marketing en mercados de larga distancia y el fortalecimiento de las gobernanzas tur\u00edsticas locales.<\/p>\n\n\n\n<p>El programa, que busca ser financiado por el Gobierno Regional, tiene un costo de 1.750 millones de pesos e incluye un plan de medios, material promocional, participaci\u00f3n en ferias y eventos, rondas de negocios, apoyo en actividades locales de promoci\u00f3n tur\u00edstica, reuniones y actividades de capacitaci\u00f3n, entre otros.<\/p>\n\n\n\n<p>Al respecto, el presidente de la Comisi\u00f3n de Fomento Productivo del CORE Los Lagos, Fernando Hern\u00e1ndez, expuso que \u201cuna de las necesidades que nos han expresado los rubros, la gente que trabaja en turismo, es la falta de promoci\u00f3n en la regi\u00f3n de los lagos. Y eso lo queremos, de cierto modo, mejorar con un programa que va a financiar el Gobierno Regional y que va a ejecutar SERNATUR, y que hoy d\u00eda vimos, que tiene varias caracter\u00edsticas importantes. Por ejemplo, que va a ser visto por territorio, es decir, lo que es Mapu Lahual, Patagonia Costa, Patagonia Verde, Chilo\u00e9, y en base a eso tambi\u00e9n se va a generar una gobernanza que va a permitir articular desaf\u00edos que existen en esos territorios, porque no sacas nada promover y promocionar afuera, si tienes problemas con acceso, por ejemplo, al volc\u00e1n Osorno, por ejemplo, acceso a los parques nacionales, y eso se tiene que trabajar tambi\u00e9n en conjunto con los otros servicios p\u00fablicos y los gremios o representantes de los gremios tur\u00edsticos. As\u00ed que esperamos que se apruebe el d\u00eda viernes, y a partir de eso ver tambi\u00e9n c\u00f3mo se ejecuta esta iniciativa de apoyo al turismo regional\u201d.<\/p>\n\n\n\n<p>En tanto, la consejera regional por la provincia de Osorno, Andrea Iturriaga, sostuvo que \u201cqueremos rescatar las tradiciones, queremos rescatar la identidad de cada uno de los sectores y queremos que los turistas de larga distancia vengan y se queden en la regi\u00f3n y que vean servicios de turismo muy bien establecidos, ordenados, organizados y que podamos tambi\u00e9n conversar entre los servicios p\u00fablicos para si hay alg\u00fan problema, puede haber una gobernanza tambi\u00e9n entre ellos\u201d<\/p>\n\n\n\n<p>Mientras que la directora regional de SERNATUR Los Lagos, Claudia Renedo, dijo que \u201cqueremos agradecer la buena recepci\u00f3n que tuvimos por parte de los consejeros regionales, por la Comisi\u00f3n de Fomento, en la construcci\u00f3n de este programa. Se trabaj\u00f3 de manera conjunta con actores p\u00fablicos, actores privados, los regionales, municipios, y la vocaci\u00f3n es que podamos promover el turismo en nuestra regi\u00f3n desde una mirada territorial. Cada uno de los destinos pertenece a un territorio, esto quiere decir que tienen caracter\u00edsticas especiales, particulares de nuestra regi\u00f3n de Los Lagos, y muchas veces cuando las distintas instancias de promoci\u00f3n vienen conducidas o direccionadas desde un nivel central, pierden esa riqueza que tiene cada uno de los destinos y que podemos conocer nosotros con la participaci\u00f3n ciudadana correspondiente. Entonces, la voluntad de este programa es precisamente esa, promover los destinos de nuestra regi\u00f3n de los lagos con sus caracter\u00edsticas territoriales\u201d.<\/p>\n\n\n\n<p>Cabe se\u00f1alar que este programa debe ser ratificado en la pr\u00f3xima sesi\u00f3n plenaria del Consejo Regional de Los Lagos, la cual se llevar\u00e1 a cabo este viernes en la comuna de Puerto Montt.<\/p>\n","protected":false},"excerpt":{"rendered":"<p>Comisi\u00f3n de Fomento Productivo del CORE de Los Lagos se reuni\u00f3 con SERNATUR con el objetivo de analizar el programa de \u00abTransferencia de Promoci\u00f3n Tur\u00edstica\u00bb, el cual fue aprobado por la instancia por los consejeros regionales.<\/p>\n","protected":false},"author":1,"featured_media":22530,"comment_status":"closed","ping_status":"closed","sticky":false,"template":"","format":"standard","meta":{"footnotes":""},"categories":[3,2494,6,2483],"tags":[337,273,132,247,133],"class_list":["post-22529","post","type-post","status-publish","format-standard","has-post-thumbnail","hentry","category-al-dia","category-core","category-politica","category-region","tag-informacion","tag-noticias","tag-osorno","tag-region-de-los-lagos","tag-semanario-local"],"_links":{"self":[{"href":"https:\/\/www.semanariolocal.cl\/index.php?rest_route=\/wp\/v2\/posts\/22529","targetHints":{"allow":["GET"]}}],"collection":[{"href":"https:\/\/www.semanariolocal.cl\/index.php?rest_route=\/wp\/v2\/posts"}],"about":[{"href":"https:\/\/www.semanariolocal.cl\/index.php?rest_route=\/wp\/v2\/types\/post"}],"author":[{"embeddable":true,"href":"https:\/\/www.semanariolocal.cl\/index.php?rest_route=\/wp\/v2\/users\/1"}],"replies":[{"embeddable":true,"href":"https:\/\/www.semanariolocal.cl\/index.php?rest_route=%2Fwp%2Fv2%2Fcomments&post=22529"}],"version-history":[{"count":1,"href":"https:\/\/www.semanariolocal.cl\/index.php?rest_route=\/wp\/v2\/posts\/22529\/revisions"}],"predecessor-version":[{"id":22531,"href":"https:\/\/www.semanariolocal.cl\/index.php?rest_route=\/wp\/v2\/posts\/22529\/revisions\/22531"}],"wp:featuredmedia":[{"embeddable":true,"href":"https:\/\/www.semanariolocal.cl\/index.php?rest_route=\/wp\/v2\/media\/22530"}],"wp:attachment":[{"href":"https:\/\/www.semanariolocal.cl\/index.php?rest_route=%2Fwp%2Fv2%2Fmedia&parent=22529"}],"wp:term":[{"taxonomy":"category","embeddable":true,"href":"https:\/\/www.semanariolocal.cl\/index.php?rest_route=%2Fwp%2Fv2%2Fcategories&post=22529"},{"taxonomy":"post_tag","embeddable":true,"href":"https:\/\/www.semanariolocal.cl\/index.php?rest_route=%2Fwp%2Fv2%2Ftags&post=22529"}],"curies":[{"name":"wp","href":"https:\/\/api.w.org\/{rel}","templated":true}]}}