{"id":22526,"date":"2024-07-17T20:30:00","date_gmt":"2024-07-18T00:30:00","guid":{"rendered":"https:\/\/www.semanariolocal.cl\/?p=22526"},"modified":"2024-07-17T23:03:32","modified_gmt":"2024-07-18T03:03:32","slug":"ofician-a-minsal-y-mineduc-por-test-sobre-sexualidad-y-suicidio-realizado-a-menores","status":"publish","type":"post","link":"https:\/\/www.semanariolocal.cl\/?p=22526","title":{"rendered":"Ofician a Minsal y Mineduc por test sobre sexualidad y suicidio realizado a menores"},"content":{"rendered":"\n<p>En dicho cuestionario, correspondiente a la Encuesta Clap que se hace a&nbsp;escolares entre 10 y 19 a\u00f1os en los colegios, y que estuvo a cargo de funcionarios del Cesfam de San Antonio, se les consultaba si ten\u00edan relaciones \u00edntimas o si hab\u00edan agredido sexualmente a otros; adem\u00e1s, de preguntas relacionadas con el suicidio. Lo anterior, llev\u00f3 a los apoderados a efectuar una denuncia ante la Polic\u00eda de Investigaciones (PDI), mientras que la Secretar\u00eda Regional Ministerial de Educaci\u00f3n de Valpara\u00edso, asegur\u00f3 que no fue consultada ni fue parte de la coordinaci\u00f3n para aplicar dicho cuestionario.<\/p>\n\n\n\n<p>Frente a los hechos, la Diputada Carolina Marz\u00e1n, sostuvo que \u00abme parece una situaci\u00f3n grave. Primero, este cuestionario deber\u00eda estar revisado y autorizado por los padres, madres o tutores. Preguntarle a un ni\u00f1o o ni\u00f1a, cuya etapa de desarrollo no es la misma que la de un adolescente o cercano a la mayor\u00eda de edad, puede resultar muy violento y traum\u00e1tico no solo en el aspecto de las preguntas de car\u00e1cter sexual, sino tambi\u00e9n si se les consulta respecto a situaciones de suicidio\u201d.<\/p>\n\n\n\n<p>\u201cSabemos que la salud mental hoy es un tema sobre la mesa, que debemos abordar por las altas tasas de suicidio en j\u00f3venes, y significa revictimizarles si uno de ellos ha estado en esta situaci\u00f3n, lo que podr\u00eda adem\u00e1s gatillar situaciones complejas si no ha tenido el apoyo adecuado. Por ello, a cualquier edad, siendo menores de 18 a\u00f1os, me parece que debe existir el conocimiento y autorizaci\u00f3n por parte de los y las apoderadas\u201d, afirm\u00f3 la parlamentaria.<\/p>\n\n\n\n<p>Por esta raz\u00f3n, la diputada Marz\u00e1n anunci\u00f3 que oficiar\u00e1 al Ministerio de Salud y a la Seremi de Salud; pero tambi\u00e9n al Ministerio de Educaci\u00f3n y a la Superintendencia de Educaci\u00f3n, \u201cpara que nos informen respecto a esta delicada situaci\u00f3n, y se establezcan las sanciones y reparos correspondientes, de comprobarse la vulneraci\u00f3n a la salud emocional y privacidad de los y las ni\u00f1as\u00bb.<\/p>\n","protected":false},"excerpt":{"rendered":"<p>Como \u00abuna situaci\u00f3n grave\u00bb calific\u00f3 la diputada del distrito 6, Carolina Marz\u00e1n (PPD) que se les haya realizado un test sobre sexualidad a ni\u00f1os de quinto b\u00e1sico -cuya edad bordea los 10 a\u00f1os- en el colegio municipal Espa\u00f1a de Llolleo, ubicado en la comuna de San Antonio.<\/p>\n","protected":false},"author":1,"featured_media":22527,"comment_status":"closed","ping_status":"closed","sticky":false,"template":"","format":"standard","meta":{"footnotes":""},"categories":[3,11,6],"tags":[],"class_list":["post-22526","post","type-post","status-publish","format-standard","has-post-thumbnail","hentry","category-al-dia","category-educacion","category-politica"],"_links":{"self":[{"href":"https:\/\/www.semanariolocal.cl\/index.php?rest_route=\/wp\/v2\/posts\/22526","targetHints":{"allow":["GET"]}}],"collection":[{"href":"https:\/\/www.semanariolocal.cl\/index.php?rest_route=\/wp\/v2\/posts"}],"about":[{"href":"https:\/\/www.semanariolocal.cl\/index.php?rest_route=\/wp\/v2\/types\/post"}],"author":[{"embeddable":true,"href":"https:\/\/www.semanariolocal.cl\/index.php?rest_route=\/wp\/v2\/users\/1"}],"replies":[{"embeddable":true,"href":"https:\/\/www.semanariolocal.cl\/index.php?rest_route=%2Fwp%2Fv2%2Fcomments&post=22526"}],"version-history":[{"count":1,"href":"https:\/\/www.semanariolocal.cl\/index.php?rest_route=\/wp\/v2\/posts\/22526\/revisions"}],"predecessor-version":[{"id":22528,"href":"https:\/\/www.semanariolocal.cl\/index.php?rest_route=\/wp\/v2\/posts\/22526\/revisions\/22528"}],"wp:featuredmedia":[{"embeddable":true,"href":"https:\/\/www.semanariolocal.cl\/index.php?rest_route=\/wp\/v2\/media\/22527"}],"wp:attachment":[{"href":"https:\/\/www.semanariolocal.cl\/index.php?rest_route=%2Fwp%2Fv2%2Fmedia&parent=22526"}],"wp:term":[{"taxonomy":"category","embeddable":true,"href":"https:\/\/www.semanariolocal.cl\/index.php?rest_route=%2Fwp%2Fv2%2Fcategories&post=22526"},{"taxonomy":"post_tag","embeddable":true,"href":"https:\/\/www.semanariolocal.cl\/index.php?rest_route=%2Fwp%2Fv2%2Ftags&post=22526"}],"curies":[{"name":"wp","href":"https:\/\/api.w.org\/{rel}","templated":true}]}}