{"id":22367,"date":"2024-07-09T12:21:57","date_gmt":"2024-07-09T16:21:57","guid":{"rendered":"https:\/\/www.semanariolocal.cl\/?p=22367"},"modified":"2024-07-09T12:21:58","modified_gmt":"2024-07-09T16:21:58","slug":"como-hacer-la-declaracion-de-impuestos-fuera-de-plazo-y-las-multas-e-intereses-asociados","status":"publish","type":"post","link":"https:\/\/www.semanariolocal.cl\/?p=22367","title":{"rendered":"C\u00f3mo hacer la declaraci\u00f3n de impuestos fuera de plazo y las multas e intereses asociados"},"content":{"rendered":"\n<p>A casi tres meses de expirar el plazo legal (abril), hay personas naturales y empresas que a\u00fan no han realizado su declaraci\u00f3n de impuesto a la renta.<\/p>\n\n\n\n<p>Seg\u00fan explica la Defensor\u00eda del Contribuyente (Dedecon), ante estos casos el Servicio de Impuestos Internos (SII) podr\u00eda notificar al contribuyente de este incumplimiento y citarlo, liquidar y\/o girar los tributos adeudados hasta en un plazo de 6 a\u00f1os.<\/p>\n\n\n\n<p>De hecho, si la persona tiene la obligaci\u00f3n de declarar renta y \u00e9sta implica un pago de impuestos, se le aplicar\u00e1n reajustes (seg\u00fan IPC), intereses (1,5% mensual o fracci\u00f3n) y multas por la presentaci\u00f3n fuera de plazo. Sobre el monto reajustado, se aplicar\u00e1 una infracci\u00f3n de un 10%, siempre que dicho retardo u omisi\u00f3n no sea superior a 5 meses. Posterior a ello, la multa subir\u00e1 un 2% por cada mes o fracci\u00f3n de mes de retraso, no pudiendo exceder el 30% de los impuestos adeudados.<\/p>\n\n\n\n<p>Si, por el contrario, al contribuyente le corresponde una devoluci\u00f3n de impuestos o su declaraci\u00f3n se encuentra \u201ccalzada\u201d (sin pago ni devoluci\u00f3n), se aplicar\u00e1 una infracci\u00f3n que va desde 1 UTM ($66 mil aprox.) a 1 UTA ($790 mil aprox.).<\/p>\n\n\n\n<p><strong>\u00bfC\u00f3mo declarar fuera de plazo?<\/strong><\/p>\n\n\n\n<ol class=\"wp-block-list\" start=\"1\">\n<li>Hacerlo en l\u00ednea, ingresando a\u00a0<a href=\"http:\/\/www.sii.cl\/\" target=\"_blank\" rel=\"noreferrer noopener\">www.sii.cl<\/a>\u00a0con el RUT y Clave Tributaria o Clave\u00danica. Luego, \u201cServicios\u00a0<em>online<\/em>\u201d; \u201cDeclaraci\u00f3n de renta\u201d; \u201cDeclarar renta\u201d, y \u201cSeleccionar a\u00f1o 2024\u201d.<\/li>\n<\/ol>\n\n\n\n<ol class=\"wp-block-list\" start=\"2\">\n<li>Ingresar una petici\u00f3n administrativa en el sitio web del SII con el RUT y Clave Tributaria (o Clave\u00danica. \u00bfC\u00f3mo hacerlo? \u201cServicios\u00a0<em>online<\/em>\u201d; \u201cPeticiones administrativas y otras solicitudes\u201d, e \u201cIngresar petici\u00f3n administrativa\u201d. All\u00ed, seleccionar \u201cF22 fuera de plazo\u201d e indicar en la descripci\u00f3n de la solicitud la necesidad de declarar renta para el a\u00f1o tributario 2024 y\/u otro anterior.<\/li>\n<\/ol>\n\n\n\n<ol class=\"wp-block-list\" start=\"3\">\n<li>Presencialmente en la oficina del SII que corresponda seg\u00fan domicilio, si no puede realizarlo por alguna de las dos opciones anteriores.<\/li>\n<\/ol>\n\n\n\n<p><strong>Opciones de pago<\/strong><\/p>\n\n\n\n<p>La Defensor\u00eda del Contribuyente a\u00f1ade que, quienes paguen sus impuestos y\/o multas, reajustes e intereses -a trav\u00e9s de la web&nbsp;<a href=\"http:\/\/www.sii.cl\/\" target=\"_blank\" rel=\"noreferrer noopener\">www.sii.cl<\/a>&nbsp;o de forma presencial-, podr\u00e1n acceder a la condonaci\u00f3n de hasta un 70% de lo aplicado por la presentaci\u00f3n de la declaraci\u00f3n de renta fuera de plazo.<\/p>\n\n\n\n<p>De igual modo, por el monto adeudado tambi\u00e9n se puede acceder a convenio en la Tesorer\u00eda General de la Rep\u00fablica (TGR). Para ello, se debe solicitar el giro al SII (presencial o por petici\u00f3n administrativa) y, luego, dirigirse a una oficina de Tesorer\u00eda para suscribir el compromiso de pago o realizar dicho tr\u00e1mite en&nbsp;<a href=\"http:\/\/www.tgr.cl\/\" target=\"_blank\" rel=\"noreferrer noopener\">www.tgr.cl<\/a>.<\/p>\n\n\n\n<p><strong>\u00bfQui\u00e9nes est\u00e1n obligados(as) a declarar renta?<\/strong><\/p>\n\n\n\n<ul class=\"wp-block-list\">\n<li>Todas las empresas y personas que durante el a\u00f1o comercial 2023 tuvieron un ingreso anual superior a los $10.402.992, salvo que \u00e9ste monto corresponda a sueldos de un solo empleador o pagador.<\/li>\n<\/ul>\n\n\n\n<ul class=\"wp-block-list\">\n<li>Quienes tuvieron m\u00e1s de un(a) empleador(a) o pagador(a), o trabajaron a honorarios y deben calcular sus cotizaciones previsionales.<\/li>\n<\/ul>\n\n\n\n<ul class=\"wp-block-list\">\n<li>Personas que solicitaron el Pr\u00e9stamo Solidario en 2020 y\/o 2021. En esta Operaci\u00f3n Renta se calcula y paga la cuota correspondiente (30% del monto solicitado, respectivamente).<\/li>\n<\/ul>\n\n\n\n<ul class=\"wp-block-list\">\n<li>Quienes quieran acceder a alg\u00fan beneficio o cr\u00e9dito tributario como, por ejemplo, la rebaja de intereses por dividendos hipotecarios. Deben declarar para ello.<\/li>\n<\/ul>\n\n\n\n<p>Si alg\u00fan(a) contribuyente sufri\u00f3 retrasos en su declaraci\u00f3n por alguna vulneraci\u00f3n de sus derechos durante el proceso, puede contactar a la Defensor\u00eda del Contribuyente para analizar su caso y representarlo administrativamente ante el SII.<\/p>\n","protected":false},"excerpt":{"rendered":"<p>Defensor\u00eda del Contribuyente detall\u00f3 el paso a paso para regularizar el tr\u00e1mite, las opciones de pago y qui\u00e9nes est\u00e1n obligados a cumplir con este proceso.<\/p>\n","protected":false},"author":1,"featured_media":22368,"comment_status":"closed","ping_status":"closed","sticky":false,"template":"","format":"standard","meta":{"footnotes":""},"categories":[3,12,9],"tags":[2118,2763,337,273,247,133,3300,1745],"class_list":["post-22367","post","type-post","status-publish","format-standard","has-post-thumbnail","hentry","category-al-dia","category-economia","category-gobierno","tag-semanariolocal","tag-impuestos","tag-informacion","tag-noticias","tag-region-de-los-lagos","tag-semanario-local","tag-servicio-de-impuestos-internos","tag-sii"],"_links":{"self":[{"href":"https:\/\/www.semanariolocal.cl\/index.php?rest_route=\/wp\/v2\/posts\/22367","targetHints":{"allow":["GET"]}}],"collection":[{"href":"https:\/\/www.semanariolocal.cl\/index.php?rest_route=\/wp\/v2\/posts"}],"about":[{"href":"https:\/\/www.semanariolocal.cl\/index.php?rest_route=\/wp\/v2\/types\/post"}],"author":[{"embeddable":true,"href":"https:\/\/www.semanariolocal.cl\/index.php?rest_route=\/wp\/v2\/users\/1"}],"replies":[{"embeddable":true,"href":"https:\/\/www.semanariolocal.cl\/index.php?rest_route=%2Fwp%2Fv2%2Fcomments&post=22367"}],"version-history":[{"count":1,"href":"https:\/\/www.semanariolocal.cl\/index.php?rest_route=\/wp\/v2\/posts\/22367\/revisions"}],"predecessor-version":[{"id":22369,"href":"https:\/\/www.semanariolocal.cl\/index.php?rest_route=\/wp\/v2\/posts\/22367\/revisions\/22369"}],"wp:featuredmedia":[{"embeddable":true,"href":"https:\/\/www.semanariolocal.cl\/index.php?rest_route=\/wp\/v2\/media\/22368"}],"wp:attachment":[{"href":"https:\/\/www.semanariolocal.cl\/index.php?rest_route=%2Fwp%2Fv2%2Fmedia&parent=22367"}],"wp:term":[{"taxonomy":"category","embeddable":true,"href":"https:\/\/www.semanariolocal.cl\/index.php?rest_route=%2Fwp%2Fv2%2Fcategories&post=22367"},{"taxonomy":"post_tag","embeddable":true,"href":"https:\/\/www.semanariolocal.cl\/index.php?rest_route=%2Fwp%2Fv2%2Ftags&post=22367"}],"curies":[{"name":"wp","href":"https:\/\/api.w.org\/{rel}","templated":true}]}}