{"id":22355,"date":"2024-07-08T17:55:00","date_gmt":"2024-07-08T21:55:00","guid":{"rendered":"https:\/\/www.semanariolocal.cl\/?p=22355"},"modified":"2024-07-08T22:01:39","modified_gmt":"2024-07-09T02:01:39","slug":"rosa-magenta","status":"publish","type":"post","link":"https:\/\/www.semanariolocal.cl\/?p=22355","title":{"rendered":"Rosa Magenta"},"content":{"rendered":"\n<p><strong><em>Rosa Magenta<\/em><\/strong>&nbsp;es el nombre del nuevo libro de cuentos de Rodrigo Chuaqui, en el cual nos sumerge en un mundo donde el pasado y el futuro convergen en una danza melanc\u00f3lica, pero llena de esperanza. A trav\u00e9s de historias que evocan el dolor por la ausencia de seres queridos y el arduo camino hacia el amor deseado, Chuaqui nos invita a un viaje emocional que deja una sonrisa en el rostro y una resonancia de melancol\u00eda en el alma.<\/p>\n\n\n\n<p>\u00abEsta es mi tercera obra de cuentos en los que el tiempo nuevamente juega el rol central. Es una amalgama en que la mirada se dirige al pasado, dej\u00e1ndonos la nostalgia de no poder jam\u00e1s revivirlo. Se juntan, entre otros, el vac\u00edo que nos produce la ausencia de personas queridas ya idas, los recuerdos imborrables y a la vez irreproducibles de toda una vida. El camino azaroso que finalmente alcanza su premio en el amor deseado. En resumen, una mezcla de ausencias y presencias, fe y quebranto, pasado y futuro, narrativa y versos\u201d, se\u00f1ala el autor.<\/p>\n\n\n\n<p>Rodrigo Chuaqui Farr\u00fa, vi\u00f1amarino, es un destacado m\u00e9dico pat\u00f3logo de la Universidad Cat\u00f3lica de Chile, con una prol\u00edfica carrera en el Instituto Nacional del C\u00e1ncer en Maryland, EE.UU., donde trabaja desde el a\u00f1o 2000. Ha publicado m\u00e1s de cien art\u00edculos en revistas cient\u00edficas y ha contribuido como editor y autor en diversos libros cient\u00edficos. En el \u00e1mbito literario, su inclinaci\u00f3n por el realismo espa\u00f1ol y la narrativa victoriana inglesa se refleja en sus anteriores publicaciones,&nbsp;<em>El despertar del tiempo<\/em>&nbsp;(2022) y&nbsp;<em>Olas fuera del mar<\/em>&nbsp;(2023), tambi\u00e9n de Editorial Forja.<\/p>\n\n\n\n<p><strong><em>Rosa Magenta<\/em><\/strong>&nbsp;ya est\u00e1 disponible en formato impreso y tambi\u00e9n digital, para que todos puedan disfrutar de esta obra profundamente humana que promete dejar una huella en cada lector.<\/p>\n","protected":false},"excerpt":{"rendered":"<p>Editorial Forja presenta Rosa Magenta, la tercera serie de cuentos de Rodrigo Chuaqui Farr\u00fa. Una obra en la que el autor contin\u00faa explorando la rica tem\u00e1tica que caracteriza su narrativa: la nostalgia, la irreversibilidad del tiempo y los recuerdos imborrables.<\/p>\n","protected":false},"author":1,"featured_media":22356,"comment_status":"closed","ping_status":"closed","sticky":false,"template":"","format":"standard","meta":{"footnotes":""},"categories":[3,10,2431],"tags":[2118,157,337,273,247,133],"class_list":["post-22355","post","type-post","status-publish","format-standard","has-post-thumbnail","hentry","category-al-dia","category-cultura","category-literatura","tag-semanariolocal","tag-editorial-forjas","tag-informacion","tag-noticias","tag-region-de-los-lagos","tag-semanario-local"],"_links":{"self":[{"href":"https:\/\/www.semanariolocal.cl\/index.php?rest_route=\/wp\/v2\/posts\/22355","targetHints":{"allow":["GET"]}}],"collection":[{"href":"https:\/\/www.semanariolocal.cl\/index.php?rest_route=\/wp\/v2\/posts"}],"about":[{"href":"https:\/\/www.semanariolocal.cl\/index.php?rest_route=\/wp\/v2\/types\/post"}],"author":[{"embeddable":true,"href":"https:\/\/www.semanariolocal.cl\/index.php?rest_route=\/wp\/v2\/users\/1"}],"replies":[{"embeddable":true,"href":"https:\/\/www.semanariolocal.cl\/index.php?rest_route=%2Fwp%2Fv2%2Fcomments&post=22355"}],"version-history":[{"count":1,"href":"https:\/\/www.semanariolocal.cl\/index.php?rest_route=\/wp\/v2\/posts\/22355\/revisions"}],"predecessor-version":[{"id":22357,"href":"https:\/\/www.semanariolocal.cl\/index.php?rest_route=\/wp\/v2\/posts\/22355\/revisions\/22357"}],"wp:featuredmedia":[{"embeddable":true,"href":"https:\/\/www.semanariolocal.cl\/index.php?rest_route=\/wp\/v2\/media\/22356"}],"wp:attachment":[{"href":"https:\/\/www.semanariolocal.cl\/index.php?rest_route=%2Fwp%2Fv2%2Fmedia&parent=22355"}],"wp:term":[{"taxonomy":"category","embeddable":true,"href":"https:\/\/www.semanariolocal.cl\/index.php?rest_route=%2Fwp%2Fv2%2Fcategories&post=22355"},{"taxonomy":"post_tag","embeddable":true,"href":"https:\/\/www.semanariolocal.cl\/index.php?rest_route=%2Fwp%2Fv2%2Ftags&post=22355"}],"curies":[{"name":"wp","href":"https:\/\/api.w.org\/{rel}","templated":true}]}}