{"id":22352,"date":"2024-07-08T18:49:00","date_gmt":"2024-07-08T22:49:00","guid":{"rendered":"https:\/\/www.semanariolocal.cl\/?p=22352"},"modified":"2024-07-08T21:54:05","modified_gmt":"2024-07-09T01:54:05","slug":"miopia-por-que-hay-que-tener-especial-cuidado-con-los-menores-de-edad","status":"publish","type":"post","link":"https:\/\/www.semanariolocal.cl\/?p=22352","title":{"rendered":"Miop\u00eda: \u00bfPor qu\u00e9 hay que tener especial cuidado con los menores de edad?"},"content":{"rendered":"\n<p>El aumento de la miop\u00eda es cada vez m\u00e1s com\u00fan en menores de edad, ya que al estar expuestos constantemente a las pantallas del celular, computador o televisi\u00f3n son m\u00e1s propensos a padecer esta condici\u00f3n de la vista que provoca el uso de lentes u otros tratamientos, si es que el caso as\u00ed lo requiere.<\/p>\n\n\n\n<p>La acad\u00e9mica de Tecnolog\u00eda M\u00e9dica, menci\u00f3n Oftalmolog\u00eda y Optometr\u00eda de UST Santiago, Carla Ovalle, explica en profundidad en qu\u00e9 consiste esta condici\u00f3n y c\u00f3mo en la actualidad afecta de sobre manera a ni\u00f1os menores de 12 a\u00f1os.<\/p>\n\n\n\n<p><strong>\u00bfQu\u00e9 es la miop\u00eda?<\/strong><\/p>\n\n\n\n<p>\u201cLa miop\u00eda es un vicio de refracci\u00f3n que se caracteriza por la dificultad para ver bien de lejos. Esta se produce porque el ojo es m\u00e1s largo de lo normal o porque la c\u00f3rnea, la estructura redondeada que est\u00e1 sobre el iris (la parte de color), es excesivamente curva\u201d, explic\u00f3 Ovalle.<\/p>\n\n\n\n<p>Seg\u00fan detall\u00f3 la experta, es clave tener en cuenta los primeros s\u00edntomas que podr\u00edan ocurrir, asegurando que \u201cel paciente, ni\u00f1o o adulto, experimentar\u00e1 dificultades para enfocar objetos de lejos, por ejemplo, ver la pizarra o al conducir. Sin embargo, esto cambia cuando se acerca al objeto, ya que logra nitidez. Adem\u00e1s, es importante mencionar que no habr\u00e1 dificultades para leer o ver de cerca, sino que la visi\u00f3n ser\u00e1 clara y n\u00edtida\u201d.<\/p>\n\n\n\n<p><strong>El incremento de la miop\u00eda en ni\u00f1os y ni\u00f1as<\/strong><\/p>\n\n\n\n<p>Carla Ovalle coment\u00f3 que para este fen\u00f3meno \u201cexisten varios factores por los cuales la miop\u00eda ha ido en aumento y dentro de ellos el uso de pantallas s\u00ed juega un rol importante, ya que crecen los tiempos en los cuales los ni\u00f1os se exponen a dispositivos electr\u00f3nicos, priorizando la visi\u00f3n cercana. Esto a la larga se ha asociado con el aumento de la miop\u00eda\u201d.<\/p>\n\n\n\n<p>\u201cEl aumento del tiempo con el trabajo de visi\u00f3n cercana, con el uso de pantallas, va en desmedro de tiempos al aire libre\u201d, dijo, afirmando que \u201crespecto a esto hay estudios que demuestran que las actividades y juegos al aire libre ser\u00edan un factor protector ante la miop\u00eda\u201d.<\/p>\n\n\n\n<p>Eso s\u00ed, la experta precis\u00f3 que \u201ctambi\u00e9n es importante mencionar el papel de los antecedentes familiares o gen\u00e9tica del paciente, que combinado con los factores anteriores producir\u00edan un riesgo real de padecer miop\u00eda o que esta aumente considerablemente\u201d.<\/p>\n\n\n\n<p><strong>\u00bfSe puede detener el progreso de la miop\u00eda?<\/strong><\/p>\n\n\n\n<p>La tecn\u00f3loga m\u00e9dica se\u00f1al\u00f3 que \u201cexisten casos de miop\u00eda patol\u00f3gica, donde hay una historia familiar de la condici\u00f3n, y en estos casos muchas veces no hay c\u00f3mo detener la progresi\u00f3n, por lo que seguir\u00e1 su curso. Por supuesto los consejos mencionados anteriormente, como disminuir los tiempos de pantalla y exponerse m\u00e1s a actividades al aire libre evitan una progresi\u00f3n m\u00e1s r\u00e1pida, pero esta norma no es para todos. Cada paciente es diferente y la miop\u00eda puede seguir su curso de igual forma a pesar de estos consejos\u201d.<\/p>\n\n\n\n<p>\u201cLos s\u00edntomas claves que nos pueden guiar a un diagn\u00f3stico, es que los ni\u00f1os se acerquen mucho a la televisi\u00f3n o al pizarr\u00f3n y tomen las cosas y las lleven m\u00e1s cerca de sus ojos que lo habitual. Asimismo, que se refrieguen los ojos, los entrecierren o que francamente digan que no est\u00e1n viendo bien\u201d, dijo, reafirmando que esto es algo que se debe considerar para controlar el avance de la miop\u00eda.<\/p>\n\n\n\n<p>Ovalle hace un llamado a los padres, comentando que \u201ces primordial tener en cuenta que, si ellos usan lentes desde que eran ni\u00f1os o j\u00f3venes, y hay una historia familiar del uso de anteojos en general, el ni\u00f1o debe tener un control visual con un oftalmopediatra un poco antes que el control sano de los cuatro a\u00f1os, idealmente a los dos a\u00f1os y medio. El control de los 4 a\u00f1os es mandatorio de igual forma si vemos a nuestro hijo normal o sin complicaciones, con esto pueden detectarse otras alteraciones, tales como el estrabismo\u201d.<\/p>\n\n\n\n<p>Finalmente, recalc\u00f3 que \u201clos ni\u00f1os no debieran usar pantallas antes de los 2 a\u00f1os y priorizar juegos y actividades al aire libre. En este tiempo que hace fr\u00edo hay que hacer \u00e9nfasis en juegos que se relacionen con el desarrollo de la motricidad fina como pintar y dibujar, y que tambi\u00e9n fortalezcan las relaciones con sus pares apuntando a un desarrollo m\u00e1s integral\u201d.<\/p>\n","protected":false},"excerpt":{"rendered":"<p>Desde que el uso de celulares y pantallas en general se hizo m\u00e1s frecuente en ni\u00f1os menores de 12 a\u00f1os, la afecci\u00f3n ha aumentado en niveles que oftalm\u00f3logos de diversas partes del mundo describen como nunca antes vistos.<\/p>\n","protected":false},"author":1,"featured_media":22353,"comment_status":"closed","ping_status":"closed","sticky":false,"template":"","format":"standard","meta":{"footnotes":""},"categories":[3,11,2496,2484],"tags":[2118,337,3299,273,247,2231,133,373,329],"class_list":["post-22352","post","type-post","status-publish","format-standard","has-post-thumbnail","hentry","category-al-dia","category-educacion","category-nacional","category-salud","tag-semanariolocal","tag-informacion","tag-miopia","tag-noticias","tag-region-de-los-lagos","tag-salud-visual","tag-semanario-local","tag-universidad-santo-tomas","tag-ust"],"_links":{"self":[{"href":"https:\/\/www.semanariolocal.cl\/index.php?rest_route=\/wp\/v2\/posts\/22352","targetHints":{"allow":["GET"]}}],"collection":[{"href":"https:\/\/www.semanariolocal.cl\/index.php?rest_route=\/wp\/v2\/posts"}],"about":[{"href":"https:\/\/www.semanariolocal.cl\/index.php?rest_route=\/wp\/v2\/types\/post"}],"author":[{"embeddable":true,"href":"https:\/\/www.semanariolocal.cl\/index.php?rest_route=\/wp\/v2\/users\/1"}],"replies":[{"embeddable":true,"href":"https:\/\/www.semanariolocal.cl\/index.php?rest_route=%2Fwp%2Fv2%2Fcomments&post=22352"}],"version-history":[{"count":1,"href":"https:\/\/www.semanariolocal.cl\/index.php?rest_route=\/wp\/v2\/posts\/22352\/revisions"}],"predecessor-version":[{"id":22354,"href":"https:\/\/www.semanariolocal.cl\/index.php?rest_route=\/wp\/v2\/posts\/22352\/revisions\/22354"}],"wp:featuredmedia":[{"embeddable":true,"href":"https:\/\/www.semanariolocal.cl\/index.php?rest_route=\/wp\/v2\/media\/22353"}],"wp:attachment":[{"href":"https:\/\/www.semanariolocal.cl\/index.php?rest_route=%2Fwp%2Fv2%2Fmedia&parent=22352"}],"wp:term":[{"taxonomy":"category","embeddable":true,"href":"https:\/\/www.semanariolocal.cl\/index.php?rest_route=%2Fwp%2Fv2%2Fcategories&post=22352"},{"taxonomy":"post_tag","embeddable":true,"href":"https:\/\/www.semanariolocal.cl\/index.php?rest_route=%2Fwp%2Fv2%2Ftags&post=22352"}],"curies":[{"name":"wp","href":"https:\/\/api.w.org\/{rel}","templated":true}]}}