{"id":22345,"date":"2024-07-08T21:36:52","date_gmt":"2024-07-09T01:36:52","guid":{"rendered":"https:\/\/www.semanariolocal.cl\/?p=22345"},"modified":"2024-07-08T21:36:53","modified_gmt":"2024-07-09T01:36:53","slug":"seremi-del-medio-ambiente-monitorea-humedad-de-lena-en-osorno","status":"publish","type":"post","link":"https:\/\/www.semanariolocal.cl\/?p=22345","title":{"rendered":"Seremi del Medio Ambiente monitorea humedad de le\u00f1a en Osorno"},"content":{"rendered":"\n<p>En el marco del plan de Descontaminaci\u00f3n Atmosf\u00e9rica de Osorno (PDAO) funcionarios de la SEREMI del Medio Ambiente realizan de forma mensual el monitoreo y medici\u00f3n del porcentaje de humedad de la le\u00f1a a diferentes comerciantes de la comuna de Osorno, quienes de forma voluntaria permiten esta medici\u00f3n.<\/p>\n\n\n\n<p>De acuerdo al Ministerio de Energ\u00eda, el uso de la le\u00f1a h\u00fameda contribuye con cerca de un 85% del total de las emisiones de material particulado a nivel nacional, lo que impacta de manera significativa en los niveles de contaminaci\u00f3n de las ciudades, es por esto que el uso de la le\u00f1a seca es importante en Osorno y en todas las ciudades de la zona sur del pa\u00eds.<\/p>\n\n\n\n<p>El monitoreo se realiza cada a\u00f1o entre los meses de abril y septiembre. Durante este per\u00edodo, se visitan diferentes le\u00f1er\u00edas de la ciudad, donde se toman muestras aleatorias de los lotes de le\u00f1a destinados a la venta y se mide el porcentaje de humedad, que debe ser inferior al 25%&nbsp;para que el lote sea considerado como le\u00f1a seca.&nbsp;&nbsp;<\/p>\n\n\n\n<p>Los comerciantes que cumplen con esta norma son difundidos en el&nbsp;Listado de proveedores de Le\u00f1a Seca en la p\u00e1gina web del PDAO (<a href=\"https:\/\/pdao.mma.gob.cl\/lena-y-otros-combustibles\">https:\/\/pdao.mma.gob.cl\/lena-y-otros-combustibles<\/a>). Existen 12 le\u00f1er\u00edas que realizan en forma continua la medici\u00f3n, \u00e9stas se ubican principalmente en los sectores de Rahue Alto, Rahue Bajo, Quinto Centenario y Ovejer\u00eda.&nbsp;<\/p>\n\n\n\n<p>Esta iniciativa es parte del compromiso continuo del PDAO y la Seremi del Medio Ambiente para mejorar la calidad del aire en Osorno y proteger la salud de sus habitantes.&nbsp;<\/p>\n\n\n\n<p>La Seremi del Medio Ambiente, Alejandra De La Fuente, invita a&nbsp;los comerciantes de le\u00f1a a participar en este monitoreo voluntario y a contribuir activamente en la disminuci\u00f3n de la contaminaci\u00f3n atmosf\u00e9rica en la comuna. Asimismo, hace un llamado a la comunidad a preferir la compra de le\u00f1a seca, contribuyendo as\u00ed a un Osorno m\u00e1s limpio y saludable.<\/p>\n\n\n\n<p>Los invitamos a visitar estos establecimientos certificados:<\/p>\n\n\n\n<figure class=\"wp-block-table is-style-stripes\"><table class=\"has-fixed-layout\"><thead><tr><td><strong>Le\u00f1er\u00eda<\/strong><strong><\/strong><\/td><td><strong>Direcci\u00f3n<\/strong><strong><\/strong><\/td><td><strong>Tel\u00e9fono<\/strong><strong><\/strong><\/td><td><strong>Tipo de le\u00f1a<\/strong><strong><\/strong><\/td><td><strong>Formato venta<\/strong><strong><\/strong><\/td><\/tr><\/thead><tbody><tr><td>Martin Torres<\/td><td>Anselmo Guarda N\u00b0 1502<\/td><td>993740528<\/td><td>Eucalipto<\/td><td>M3 y Saco<\/td><\/tr><tr><td>Cristina Martinez<\/td><td>Acapulco N\u00b0 1941<\/td><td>967617808<\/td><td>Eucalipto<\/td><td>M3 y Saco<\/td><\/tr><tr><td>Fredy Arias<\/td><td>Pelarco s\/n<\/td><td>971939669- 991218702<\/td><td>Eucalipto<\/td><td>M3 y Saco<\/td><\/tr><tr><td>Le\u00f1er\u00eda Cordillera (Sonia Oyarz\u00fan)<\/td><td>Avda. Pacifico N\u00b01777<\/td><td>997201539<\/td><td>Eucalipto<\/td><td>M3 y Saco<\/td><\/tr><tr><td>Camilo Arevalo<\/td><td>Los Eucaliptus N\u00b0 1198<\/td><td>996898950-991065432<\/td><td>Eucalipto<\/td><td>M3 y Saco<\/td><\/tr><tr><td>Felicinda Brandan<\/td><td>Alessandri N\u00b0 88<\/td><td>98714973 &#8211; 976377974<\/td><td>Eucalipto<\/td><td>Saco<\/td><\/tr><tr><td>H\u00e9ctor Oyarz\u00fan<\/td><td>Uno Oriente N\u00b0 1900<\/td><td>962374537<\/td><td>Eucalipto<\/td><td>M3 y Saco<\/td><\/tr><tr><td>Gabriel Asenjo Salgado<\/td><td>Santa Ester N\u00b0 38<\/td><td>982131375<\/td><td>Eucalipto<\/td><td>Saco<\/td><\/tr><tr><td>Claudio Torres<\/td><td>Pasaje Ram\u00f3n Huisca sitio 5<\/td><td>962224028<\/td><td>Eucaliptus<\/td><td>M3<\/td><\/tr><tr><td>Puesto de le\u00f1a<\/td><td>Montevideo N\u00b0 1459<\/td><td>966835464<\/td><td>Eucaliptus<\/td><td>M3<\/td><\/tr><tr><td>Le\u00f1eria Arias<\/td><td>Acapulco N\u00b0 1943<\/td><td>982505477<\/td><td>Eucaliptus<\/td><td>M3<\/td><\/tr><tr><td>Madera los Morros<\/td><td>Real 1633<\/td><td>997908096<\/td><td>Eucaliptus<\/td><td>M3<\/td><\/tr><\/tbody><\/table><\/figure>\n","protected":false},"excerpt":{"rendered":"<p>La medici\u00f3n tiene como objetivo verificar la comercializaci\u00f3n de le\u00f1a seca en la ciudad como una de las medidas establecidas en el Plan en su art\u00edculo N\u00b031 que indica que a partir del a\u00f1o 2019 solo se puede comercializar le\u00f1a seca.\u00a0<\/p>\n","protected":false},"author":1,"featured_media":22346,"comment_status":"closed","ping_status":"closed","sticky":false,"template":"","format":"standard","meta":{"footnotes":""},"categories":[3,9],"tags":[2118,337,3295,260,273,132,113,247,133],"class_list":["post-22345","post","type-post","status-publish","format-standard","has-post-thumbnail","hentry","category-al-dia","category-gobierno","tag-semanariolocal","tag-informacion","tag-lena-seca","tag-medio-ambiente","tag-noticias","tag-osorno","tag-puerto-montt","tag-region-de-los-lagos","tag-semanario-local"],"_links":{"self":[{"href":"https:\/\/www.semanariolocal.cl\/index.php?rest_route=\/wp\/v2\/posts\/22345","targetHints":{"allow":["GET"]}}],"collection":[{"href":"https:\/\/www.semanariolocal.cl\/index.php?rest_route=\/wp\/v2\/posts"}],"about":[{"href":"https:\/\/www.semanariolocal.cl\/index.php?rest_route=\/wp\/v2\/types\/post"}],"author":[{"embeddable":true,"href":"https:\/\/www.semanariolocal.cl\/index.php?rest_route=\/wp\/v2\/users\/1"}],"replies":[{"embeddable":true,"href":"https:\/\/www.semanariolocal.cl\/index.php?rest_route=%2Fwp%2Fv2%2Fcomments&post=22345"}],"version-history":[{"count":1,"href":"https:\/\/www.semanariolocal.cl\/index.php?rest_route=\/wp\/v2\/posts\/22345\/revisions"}],"predecessor-version":[{"id":22347,"href":"https:\/\/www.semanariolocal.cl\/index.php?rest_route=\/wp\/v2\/posts\/22345\/revisions\/22347"}],"wp:featuredmedia":[{"embeddable":true,"href":"https:\/\/www.semanariolocal.cl\/index.php?rest_route=\/wp\/v2\/media\/22346"}],"wp:attachment":[{"href":"https:\/\/www.semanariolocal.cl\/index.php?rest_route=%2Fwp%2Fv2%2Fmedia&parent=22345"}],"wp:term":[{"taxonomy":"category","embeddable":true,"href":"https:\/\/www.semanariolocal.cl\/index.php?rest_route=%2Fwp%2Fv2%2Fcategories&post=22345"},{"taxonomy":"post_tag","embeddable":true,"href":"https:\/\/www.semanariolocal.cl\/index.php?rest_route=%2Fwp%2Fv2%2Ftags&post=22345"}],"curies":[{"name":"wp","href":"https:\/\/api.w.org\/{rel}","templated":true}]}}