{"id":22170,"date":"2024-06-29T18:00:00","date_gmt":"2024-06-29T22:00:00","guid":{"rendered":"https:\/\/www.semanariolocal.cl\/?p=22170"},"modified":"2024-06-29T21:41:19","modified_gmt":"2024-06-30T01:41:19","slug":"supervisan-avances-de-sistemas-de-respaldo-para-semaforos-de-osorno-y-puerto-montt","status":"publish","type":"post","link":"https:\/\/www.semanariolocal.cl\/?p=22170","title":{"rendered":"Supervisan avances de sistemas de respaldo para sem\u00e1foros de Osorno y Puerto Montt"},"content":{"rendered":"\n<p>En su visita a Osorno, el subsecretario de Transportes, Jorge Daza, junto al alcalde Emeterio Carrillo; la delegada presidencial provincial, Claudia Pailalef; el seremitt Pablo Joost; el secretario ejecutivo de SIT-UOCT, Pedro Vidal, y Carabineros, inspeccion\u00f3 las obras de instalaci\u00f3n de Unidades de Respaldo de Energ\u00eda (UPS) en los sem\u00e1foros, las que presentan actualmente un 26% de avance.<\/p>\n\n\n\n<p>El proyecto provee de 183 bater\u00edas de respaldo a los cruces semaforizados en la regi\u00f3n de Los Lagos, de las cuales 103 ser\u00e1n instaladas en Puerto Montt y 80 en Osorno, lo que permitir\u00e1 una autonom\u00eda de los dispositivos de hasta 5 horas ante un corte de energ\u00eda.<\/p>\n\n\n\n<p>Estos dispositivos permiten entregar continuidad operacional de los sem\u00e1foros en condiciones de interrupciones del suministro el\u00e9ctrico, velando por la seguridad en el tr\u00e1nsito vehicular y peatonal, al no presentarse puntos inseguros de movilidad para la ciudadan\u00eda.<\/p>\n\n\n\n<p>\u201cCon una importante inversi\u00f3n del Ministerio de Transportes y Telecomunicaciones de m\u00e1s de 980 millones de pesos, este proyecto de instalaci\u00f3n de 183 Unidades de Respaldo de Energ\u00eda, 103 en Puerto Montt y 80 en Osorno, va a permitir mejorar la calidad de vida de las personas, especialmente en sus tiempos de viaje, y dar mayor seguridad vial a los automovilistas y peatones ante un eventual corte de energ\u00eda el\u00e9ctrica, por cuanto los sem\u00e1foros continuar\u00e1n funcionando con una autonom\u00eda de cinco horas\u201d, afirm\u00f3 el subsecretario de Transportes, Jorge Daza.<\/p>\n\n\n\n<p>El proyecto contempla, adem\u00e1s, el pintado ornamental de los gabinetes de controladores de sem\u00e1foros que se encuentran en la v\u00eda p\u00fablica con motivos caracter\u00edsticos de la ciudad, a trav\u00e9s de la intervenci\u00f3n de artistas locales. Asimismo, se instalar\u00e1n dispositivos sonoros para personas no videntes, desarrollando para ello un trabajo entre la Unidad Operativa de Control de Tr\u00e1nsito Regional y las organizaciones de ciegos en Puerto Montt y Osorno.<\/p>\n\n\n\n<p>Esta iniciativa de la Unidad Operativa de Control de Tr\u00e1nsito, supone una inversi\u00f3n de m\u00e1s de 980 millones de pesos por parte del Ministerio de Transportes y Telecomunicaciones, y se espera que finalice en 2026.<\/p>\n\n\n\n<p>El alcalde de Osorno, Emeterio Carrillo, valor\u00f3 este importante paso en materia de movilidad y seguridad vial: \u201cEs una noticia muy positiva, ya que permite mejorar la seguridad vial de las calles de nuestra ciudad. Creo que es un tremendo avance de parte del Ministerio, una gran inversi\u00f3n para la regi\u00f3n de Los Lagos y en particular para Osorno, as\u00ed que estamos agradecidos porque esto trae un proceso distinto a futuro en materia de seguridad vial\u201d.<\/p>\n","protected":false},"excerpt":{"rendered":"<p>Finalizado el proyecto, que presenta un 26% de ejecuci\u00f3n y una inversi\u00f3n de m\u00e1s de mil 980 millones por parte del MTT, el 100% de los cruces semaforizados contar\u00e1n con bater\u00edas de respaldo para una autonom\u00eda de al menos cinco horas ante un eventual corte de luz<\/p>\n","protected":false},"author":1,"featured_media":22171,"comment_status":"closed","ping_status":"closed","sticky":false,"template":"","format":"standard","meta":{"footnotes":""},"categories":[3,8,9,2483],"tags":[2118,246,337,273,132,113,247,133,915],"class_list":["post-22170","post","type-post","status-publish","format-standard","has-post-thumbnail","hentry","category-al-dia","category-comunas","category-gobierno","category-region","tag-semanariolocal","tag-comunas","tag-informacion","tag-noticias","tag-osorno","tag-puerto-montt","tag-region-de-los-lagos","tag-semanario-local","tag-transporte"],"_links":{"self":[{"href":"https:\/\/www.semanariolocal.cl\/index.php?rest_route=\/wp\/v2\/posts\/22170","targetHints":{"allow":["GET"]}}],"collection":[{"href":"https:\/\/www.semanariolocal.cl\/index.php?rest_route=\/wp\/v2\/posts"}],"about":[{"href":"https:\/\/www.semanariolocal.cl\/index.php?rest_route=\/wp\/v2\/types\/post"}],"author":[{"embeddable":true,"href":"https:\/\/www.semanariolocal.cl\/index.php?rest_route=\/wp\/v2\/users\/1"}],"replies":[{"embeddable":true,"href":"https:\/\/www.semanariolocal.cl\/index.php?rest_route=%2Fwp%2Fv2%2Fcomments&post=22170"}],"version-history":[{"count":1,"href":"https:\/\/www.semanariolocal.cl\/index.php?rest_route=\/wp\/v2\/posts\/22170\/revisions"}],"predecessor-version":[{"id":22172,"href":"https:\/\/www.semanariolocal.cl\/index.php?rest_route=\/wp\/v2\/posts\/22170\/revisions\/22172"}],"wp:featuredmedia":[{"embeddable":true,"href":"https:\/\/www.semanariolocal.cl\/index.php?rest_route=\/wp\/v2\/media\/22171"}],"wp:attachment":[{"href":"https:\/\/www.semanariolocal.cl\/index.php?rest_route=%2Fwp%2Fv2%2Fmedia&parent=22170"}],"wp:term":[{"taxonomy":"category","embeddable":true,"href":"https:\/\/www.semanariolocal.cl\/index.php?rest_route=%2Fwp%2Fv2%2Fcategories&post=22170"},{"taxonomy":"post_tag","embeddable":true,"href":"https:\/\/www.semanariolocal.cl\/index.php?rest_route=%2Fwp%2Fv2%2Ftags&post=22170"}],"curies":[{"name":"wp","href":"https:\/\/api.w.org\/{rel}","templated":true}]}}