{"id":22158,"date":"2024-06-24T11:45:00","date_gmt":"2024-06-24T15:45:00","guid":{"rendered":"https:\/\/www.semanariolocal.cl\/?p=22158"},"modified":"2024-06-25T23:51:32","modified_gmt":"2024-06-26T03:51:32","slug":"programa-ultima-milla-amplia-la-cobertura-de-internet-en-la-region-de-los-lagos","status":"publish","type":"post","link":"https:\/\/www.semanariolocal.cl\/?p=22158","title":{"rendered":"Programa \u00ab\u00daltima Milla\u00bb ampl\u00eda la cobertura de internet en la regi\u00f3n de los lagos"},"content":{"rendered":"\n<p>Desde su aprobaci\u00f3n por el Consejo Regional, con una inversi\u00f3n de casi 15 mil millones de pesos, esta apuesta ha generado expectativas y esperanza en las comunidades m\u00e1s aisladas para acceder a este servicio y reducir gastos.<\/p>\n\n\n\n<p>\u201cTransferencia Habilitaci\u00f3n Oferta de Servicios de Internet Domiciliario \u00daLTIMA MILLA\u201d, tiene como objetivo llevar internet a m\u00e1s de 500 localidades de toda la regi\u00f3n, y en esta oportunidad, las zonas 3 y 5 ya est\u00e1n adjudicadas a la empresa de telecomunicaciones \u201cMUNDO\u201d, beneficiando a las provincias de Osorno, Chilo\u00e9 y Llanquihue.<\/p>\n\n\n\n<p>En esta etapa, algunas de las zonas beneficiadas se componen por localidades como Punta de Lapa, La Candelaria, Chadmo, Yaldad, Maipu\u00e9, Los Aromos, entre otras, totalizando 102.<\/p>\n\n\n\n<p>El Consejero Regional por la provincia de Llanquihue, Manuel Rivera, se\u00f1al\u00f3 que \u201c<em>esto pas\u00f3<\/em> por el Consejo Regional y cost\u00f3 mucho. Son netamente recursos del Gobierno Regional de Los Lagos, apoyados por el gobernador, apoyados por los consejeros regionales. Estoy contento porque tenemos oferentes y espero que los oferentes hagan bien su trabajo. Eso es lo m\u00e1s importante porque, como dec\u00eda el gobernador, vamos a llegar a la gente m\u00e1s vulnerable. La igualdad pasa por las condiciones de la educaci\u00f3n. No importa el ni\u00f1o que venga de una cuna de oro o que el ni\u00f1o sea muy humilde, lo importante es que tengan la misma oportunidad de educarse, con las mismas herramientas y eso es lo m\u00e1s importante\u201d.<\/p>\n\n\n\n<p>El Alcalde de Los Muermos, Sergio Haeger, fue el \u00fanico jefe comunal presenta y destac\u00f3 la relevancia para su comuna, considerando el beneficio directo para los sectores de El Laurel y El Torre\u00f3n: <em>\u201cnosotros somos una comuna netamente productora de materias primas, las cuales de una u otra forma tambi\u00e9n tienen que comercializar. En donde tenemos una pesca artesanal creciente y sectores que est\u00e1n sin Internet, y este tipo de iniciativas para nosotros es tremendamente importante porque finalmente se est\u00e1 emparejando la cancha.\u201d<\/em><\/p>\n\n\n\n<p>El Seremi de Transportes y Telecomunicaciones, Pablo Joost, a\u00f1adi\u00f3 que este es un proyecto <em>\u201cque est\u00e1 siendo observado a nivel nacional, tanto en materia de telecomunicaciones, al ser<\/em> una de las primeras regiones que inicia este proyecto de \u00faltima milla. En aras de poder contar con servicios de calidad, el equipo de fiscalizaci\u00f3n del Ministerio va a estar verificando que los servicios se presten en las condiciones t\u00e9cnicas que corresponden, para que el compromiso de contar con un servicio de Internet de alta velocidad sea efectivo una vez que est\u00e9n totalmente desplegadas en la red en cada una de las localidades beneficiadas\u201d.<\/p>\n\n\n\n<p>Por otro lado, el subgerente de \u201cMUNDO\u201d, Carlos Sol\u00eds, se\u00f1ala que <em>\u201cefectivamente, hay<\/em> algunas zonas que quedaron relegadas en materia de no adjudicadas. Nosotros estamos muy atentos tambi\u00e9n a la nueva licitaci\u00f3n, porque por supuesto que estamos atentos para poder participar y ojal\u00e1 tambi\u00e9n adjudicar tambi\u00e9n para ser parte de este proyecto y poder as\u00ed unir a estas dos zonas, adem\u00e1s de todas las otras zonas que a\u00fan faltan por conectar, que yo creo que eso se va a materializar.\u201d<\/p>\n","protected":false},"excerpt":{"rendered":"<p>La iniciativa, impulsada por el Gore, es una promesa de conexi\u00f3n e igualdad de oportunidades para miles de habitantes de la zona que actualmente no pueden acceder a internet. <\/p>\n","protected":false},"author":1,"featured_media":22159,"comment_status":"closed","ping_status":"closed","sticky":false,"template":"","format":"standard","meta":{"footnotes":""},"categories":[3,9,6],"tags":[2118,337,273,247,133],"class_list":["post-22158","post","type-post","status-publish","format-standard","has-post-thumbnail","hentry","category-al-dia","category-gobierno","category-politica","tag-semanariolocal","tag-informacion","tag-noticias","tag-region-de-los-lagos","tag-semanario-local"],"_links":{"self":[{"href":"https:\/\/www.semanariolocal.cl\/index.php?rest_route=\/wp\/v2\/posts\/22158","targetHints":{"allow":["GET"]}}],"collection":[{"href":"https:\/\/www.semanariolocal.cl\/index.php?rest_route=\/wp\/v2\/posts"}],"about":[{"href":"https:\/\/www.semanariolocal.cl\/index.php?rest_route=\/wp\/v2\/types\/post"}],"author":[{"embeddable":true,"href":"https:\/\/www.semanariolocal.cl\/index.php?rest_route=\/wp\/v2\/users\/1"}],"replies":[{"embeddable":true,"href":"https:\/\/www.semanariolocal.cl\/index.php?rest_route=%2Fwp%2Fv2%2Fcomments&post=22158"}],"version-history":[{"count":1,"href":"https:\/\/www.semanariolocal.cl\/index.php?rest_route=\/wp\/v2\/posts\/22158\/revisions"}],"predecessor-version":[{"id":22160,"href":"https:\/\/www.semanariolocal.cl\/index.php?rest_route=\/wp\/v2\/posts\/22158\/revisions\/22160"}],"wp:featuredmedia":[{"embeddable":true,"href":"https:\/\/www.semanariolocal.cl\/index.php?rest_route=\/wp\/v2\/media\/22159"}],"wp:attachment":[{"href":"https:\/\/www.semanariolocal.cl\/index.php?rest_route=%2Fwp%2Fv2%2Fmedia&parent=22158"}],"wp:term":[{"taxonomy":"category","embeddable":true,"href":"https:\/\/www.semanariolocal.cl\/index.php?rest_route=%2Fwp%2Fv2%2Fcategories&post=22158"},{"taxonomy":"post_tag","embeddable":true,"href":"https:\/\/www.semanariolocal.cl\/index.php?rest_route=%2Fwp%2Fv2%2Ftags&post=22158"}],"curies":[{"name":"wp","href":"https:\/\/api.w.org\/{rel}","templated":true}]}}