{"id":22110,"date":"2024-06-23T08:30:00","date_gmt":"2024-06-23T12:30:00","guid":{"rendered":"https:\/\/www.semanariolocal.cl\/?p=22110"},"modified":"2024-06-24T01:20:20","modified_gmt":"2024-06-24T05:20:20","slug":"narco-en-la-politica-udi-advierte-que-monsalve-es-el-menos-indicado-para-criticar-a-matthei","status":"publish","type":"post","link":"https:\/\/www.semanariolocal.cl\/?p=22110","title":{"rendered":"Narco en la pol\u00edtica: UDI advierte que Monsalve \u201ces el menos indicado\u201d para criticar a Matthei"},"content":{"rendered":"\n<p>Luego que esta ma\u00f1ana el subsecretario del Interior, Manuel Monsalve, cuestionara a la alcaldesa Evelyn Matthei por se\u00f1alar -durante esta semana- que exist\u00eda \u201cbastante evidencia de que hay pol\u00edticos que se financian con platas del narco\u201d, los integrantes de la Bancada UDI, Juan Manuel Fuenzalida y Felipe Donoso, advirtieron que el ex diputado socialista \u201cno es el m\u00e1s indicado\u201d para referirse a dicha materia, recordando as\u00ed el caso del ex alcalde de San Ram\u00f3n, Miguel Aguilera (PS).<\/p>\n\n\n\n<p>Al respecto, y junto con respaldar las declaraciones de la jefa comunal de Providencia, los diputados gremialistas aseguraron que el Partido Socialista \u201ces uno de los que m\u00e1s ha tenido que salir a dar explicaciones\u201d en relaci\u00f3n con un posible v\u00ednculo que pueda existir entre el narcotr\u00e1fico y la pol\u00edtica.<\/p>\n\n\n\n<p>En ese sentido, adem\u00e1s de recordar la causa en que est\u00e1 involucrado el alcalde de San Ram\u00f3n, donde incluso algunos ex colaboradores han declarado que la campa\u00f1a de Aguilera cont\u00f3 con aportes provenientes del narcotr\u00e1fico, los parlamentarios de la UDI tambi\u00e9n hicieron referencia a las propias declaraciones del entonces vicepresidente del PS, Arturo Barrios, quien a fines del a\u00f1o pasado reconoci\u00f3 que \u201cyo trabajo con el narco (\u2026) tengo pactos con el narco para entrar a las poblaciones\u201d.<\/p>\n\n\n\n<p>\u201cEra bastante evidente que el gobierno y el oficialismo en masa iban a salir a criticar a la alcaldesa Matthei, en vez de tomar nota de lo que advirti\u00f3 y evitar que justamente el narcotr\u00e1fico perme\u00e9 en las instituciones del Estado. Sin embargo, lo que menos se pod\u00eda esperar era que fueran militantes del Partido Socialista los que cuestionaran a alcaldesa de Providencia, cuando ha sido ese partido el que m\u00e1s ha tenido que salir a dar explicaciones respecto a eventuales v\u00ednculos con el mundo del narcotr\u00e1fico. No nos olvidemos que hace menos de seis meses el vicepresidente del PC reconoc\u00eda tener pactos con estas organizaciones, y para qu\u00e9 mencionar la investigaci\u00f3n en contra del ex alcalde de San Ram\u00f3n, quien incluso lleg\u00f3 a estar en prisi\u00f3n preventiva\u201d, recordaron Fuenzalida y Donoso.<\/p>\n\n\n\n<p>Pero adem\u00e1s, los diputados de la UDI tambi\u00e9n recordaron las palabras del ex presidente del PS, Osvaldo Andrade, quien tras ser consultado -en 2019- sobre los v\u00ednculos que militantes socialistas del municipio de San Ram\u00f3n ten\u00edan con el narcotr\u00e1fico, respondi\u00f3 que \u201cla evidencia est\u00e1 a la vista\u201d.<\/p>\n\n\n\n<p>Por lo mismo, Fuenzalida y Donoso llamaron al subsecretario Monsalve a \u201cdejar de lado la cr\u00edtica\u201d y a adoptar \u201ctodas las medidas que sean necesarias para evitar que el crimen organizado y el narco se apoderen de las instituciones del Estado y la pol\u00edtica\u201d, insistiendo en que \u201cdesviar la atenci\u00f3n del problema de fondo no es lo m\u00e1s indicado dada la magnitud de la crisis que hoy estamos viviendo\u201d.<\/p>\n\n\n\n<p>\u201cEsperamos que el subsecretario Monsalve deje de lado la cr\u00edtica y haga lo que corresponde, que es evitar que Chile siga el mismo camino que los otros pa\u00edses de Latinoam\u00e9rica. De lo contrario, el narcotr\u00e1fico va a seguir intentando permear todas las instituciones del Estado\u201d, reiteraron los UDI.<\/p>\n","protected":false},"excerpt":{"rendered":"<p>Los diputados Juan Manuel Fuenzalida y Felipe Donoso respaldaron las declaraciones de la alcaldesa, asegurando que el Partido Socialista -donde milita el subsecretario- \u201ces el que m\u00e1s ha tenido que salir a dar explicaciones\u201d respecto a un eventual v\u00ednculo con el narcotr\u00e1fico.<\/p>\n","protected":false},"author":1,"featured_media":22112,"comment_status":"closed","ping_status":"closed","sticky":false,"template":"","format":"standard","meta":{"footnotes":""},"categories":[3,6],"tags":[2118,337,273,247,133],"class_list":["post-22110","post","type-post","status-publish","format-standard","has-post-thumbnail","hentry","category-al-dia","category-politica","tag-semanariolocal","tag-informacion","tag-noticias","tag-region-de-los-lagos","tag-semanario-local"],"_links":{"self":[{"href":"https:\/\/www.semanariolocal.cl\/index.php?rest_route=\/wp\/v2\/posts\/22110","targetHints":{"allow":["GET"]}}],"collection":[{"href":"https:\/\/www.semanariolocal.cl\/index.php?rest_route=\/wp\/v2\/posts"}],"about":[{"href":"https:\/\/www.semanariolocal.cl\/index.php?rest_route=\/wp\/v2\/types\/post"}],"author":[{"embeddable":true,"href":"https:\/\/www.semanariolocal.cl\/index.php?rest_route=\/wp\/v2\/users\/1"}],"replies":[{"embeddable":true,"href":"https:\/\/www.semanariolocal.cl\/index.php?rest_route=%2Fwp%2Fv2%2Fcomments&post=22110"}],"version-history":[{"count":1,"href":"https:\/\/www.semanariolocal.cl\/index.php?rest_route=\/wp\/v2\/posts\/22110\/revisions"}],"predecessor-version":[{"id":22111,"href":"https:\/\/www.semanariolocal.cl\/index.php?rest_route=\/wp\/v2\/posts\/22110\/revisions\/22111"}],"wp:featuredmedia":[{"embeddable":true,"href":"https:\/\/www.semanariolocal.cl\/index.php?rest_route=\/wp\/v2\/media\/22112"}],"wp:attachment":[{"href":"https:\/\/www.semanariolocal.cl\/index.php?rest_route=%2Fwp%2Fv2%2Fmedia&parent=22110"}],"wp:term":[{"taxonomy":"category","embeddable":true,"href":"https:\/\/www.semanariolocal.cl\/index.php?rest_route=%2Fwp%2Fv2%2Fcategories&post=22110"},{"taxonomy":"post_tag","embeddable":true,"href":"https:\/\/www.semanariolocal.cl\/index.php?rest_route=%2Fwp%2Fv2%2Ftags&post=22110"}],"curies":[{"name":"wp","href":"https:\/\/api.w.org\/{rel}","templated":true}]}}