{"id":22105,"date":"2024-06-23T08:00:14","date_gmt":"2024-06-23T12:00:14","guid":{"rendered":"https:\/\/www.semanariolocal.cl\/?p=22105"},"modified":"2024-06-24T01:20:56","modified_gmt":"2024-06-24T05:20:56","slug":"siss-capacita-a-servicios-sanitarios-rurales-de-la-provincia-de-chiloe","status":"publish","type":"post","link":"https:\/\/www.semanariolocal.cl\/?p=22105","title":{"rendered":"SiSS capacita a Servicios Sanitarios Rurales de la Provincia de Chilo\u00e9"},"content":{"rendered":"\n<p>En el marco de la implementaci\u00f3n de la Ley 20.998 y la Ley 21.520 (Ley Corta), las cuales regulan a los Servicios Sanitarios Rurales, la SiSS convoc\u00f3 a los dirigentes y operarios de los 17 Comit\u00e9s y Cooperativas del Segmento Mayor y Mediano de Chilo\u00e9 para capacitarlos en temas t\u00e9cnico-operacionales y administrativos, como reclamos de usuarias y usuarios, cobros permitidos por la normativa vigente, entre otros.<\/p>\n\n\n\n<p>La actividad fue liderada por el equipo de la Oficina Regional de Los Lagos, en colaboraci\u00f3n con la Ilustre Municipalidad de Castro, y realizada en el Centro Cultural de la comuna. La SiSS tambi\u00e9n abord\u00f3 su rol en el marco de la legislaci\u00f3n vigente y las nuevas atribuciones aplicables sobre los SSR, como su rol fiscalizador y la fijaci\u00f3n tarifaria, adem\u00e1s de enfatizar en derechos y deberes de usuarias y usuarios.<\/p>\n\n\n\n<p>Por su parte, la Ilustre Municipalidad de Castro expuso sobre el apoyo municipal al que pueden postular los SSR para obtener orientaci\u00f3n y colaboraci\u00f3n en relaci\u00f3n al financiamiento de sus sistemas. Finalmente, al terminar la jornada, las y los asistentes pudieron realizar consultas acerca de las presentaciones, entre las que destacaron las relacionadas a tarifas, sistematizaci\u00f3n de reclamos y factibilidades de servicio.<\/p>\n\n\n\n<p>Por otra parte, el equipo SiSS de Los Lagos tambi\u00e9n realiz\u00f3 visitas t\u00e9cnicas y de acompa\u00f1amiento a los SSR de Chacao, La Chacra, Pid Pid y Nerc\u00f3n-Los Aromos-Gamboa Alto, con el objetivo de ejecutar un diagn\u00f3stico del estado operativo de estos y entregarles orientaciones con respecto a su mejor funcionamiento y entrega de prestaciones a sus usuarias y usuarios.<\/p>\n","protected":false},"excerpt":{"rendered":"<p>La Oficina Regional de Los Lagos de la Superintendencia de Servicios Sanitarios (SiSS) realiz\u00f3 una capacitaci\u00f3n a los Servicios Sanitarios Rurales (SSR), previo a la oficializaci\u00f3n y puesta en marcha de algunas de las facultades fiscalizadoras de la entidad, la cual iniciar\u00e1 el 20 de noviembre de 2024 para el Segmento Mayor.<\/p>\n","protected":false},"author":1,"featured_media":22106,"comment_status":"closed","ping_status":"closed","sticky":false,"template":"","format":"standard","meta":{"footnotes":""},"categories":[3],"tags":[],"class_list":["post-22105","post","type-post","status-publish","format-standard","has-post-thumbnail","hentry","category-al-dia"],"_links":{"self":[{"href":"https:\/\/www.semanariolocal.cl\/index.php?rest_route=\/wp\/v2\/posts\/22105","targetHints":{"allow":["GET"]}}],"collection":[{"href":"https:\/\/www.semanariolocal.cl\/index.php?rest_route=\/wp\/v2\/posts"}],"about":[{"href":"https:\/\/www.semanariolocal.cl\/index.php?rest_route=\/wp\/v2\/types\/post"}],"author":[{"embeddable":true,"href":"https:\/\/www.semanariolocal.cl\/index.php?rest_route=\/wp\/v2\/users\/1"}],"replies":[{"embeddable":true,"href":"https:\/\/www.semanariolocal.cl\/index.php?rest_route=%2Fwp%2Fv2%2Fcomments&post=22105"}],"version-history":[{"count":1,"href":"https:\/\/www.semanariolocal.cl\/index.php?rest_route=\/wp\/v2\/posts\/22105\/revisions"}],"predecessor-version":[{"id":22107,"href":"https:\/\/www.semanariolocal.cl\/index.php?rest_route=\/wp\/v2\/posts\/22105\/revisions\/22107"}],"wp:featuredmedia":[{"embeddable":true,"href":"https:\/\/www.semanariolocal.cl\/index.php?rest_route=\/wp\/v2\/media\/22106"}],"wp:attachment":[{"href":"https:\/\/www.semanariolocal.cl\/index.php?rest_route=%2Fwp%2Fv2%2Fmedia&parent=22105"}],"wp:term":[{"taxonomy":"category","embeddable":true,"href":"https:\/\/www.semanariolocal.cl\/index.php?rest_route=%2Fwp%2Fv2%2Fcategories&post=22105"},{"taxonomy":"post_tag","embeddable":true,"href":"https:\/\/www.semanariolocal.cl\/index.php?rest_route=%2Fwp%2Fv2%2Ftags&post=22105"}],"curies":[{"name":"wp","href":"https:\/\/api.w.org\/{rel}","templated":true}]}}