{"id":22101,"date":"2024-06-21T23:32:24","date_gmt":"2024-06-22T03:32:24","guid":{"rendered":"https:\/\/www.semanariolocal.cl\/?p=22101"},"modified":"2024-06-21T23:32:24","modified_gmt":"2024-06-22T03:32:24","slug":"en-osorno-invitan-a-conversatorio-sobre-amenaza-minera-en-la-futawillimapu","status":"publish","type":"post","link":"https:\/\/www.semanariolocal.cl\/?p=22101","title":{"rendered":"En Osorno invitan a conversatorio sobre amenaza minera en la F\u00fctawillimapu"},"content":{"rendered":"\n<p>El Colectivo Editorial Mapuexpress invita para el s\u00e1bado 22 de junio en la&nbsp;<a href=\"https:\/\/www.google.cl\/maps\/place\/Pedro+Aguirre+Cerda+950,+Osorno,+Los+Lagos\/@-40.57032,-73.113538,17z\/data=!3m1!4b1!4m6!3m5!1s0x9616361531f0b3bb:0x899223fb7fe69897!8m2!3d-40.5703241!4d-73.1109631!16s%2Fg%2F11jm8pp5p2?entry=ttu\" target=\"_blank\" rel=\"noreferrer noopener\">sede social<\/a>&nbsp;de la Poblaci\u00f3n Eleuterio Ram\u00edrez, ubicada en Pedro Aguirre Cerda #950,&nbsp; Osorno, a un Traw\u00fcn Conversatorio como parte la etapa de cierre del proyecto \u201cChoy\u00fcpe Tai\u00f1 Newen Mapu: Comunicaci\u00f3n y Resistencias contra las amenazas mineras en la F\u00fctawillimapu\u201d, en busca de profundizar el an\u00e1lisis y la discusi\u00f3n a prop\u00f3sito de la problem\u00e1tica que representa la actividad minera en la F\u00fctawillimapu.<\/p>\n\n\n\n<p>Esta iniciativa, financiada por Cultural Survival, organizaci\u00f3n que apoya la autodeterminaci\u00f3n, las culturas y la resiliencia pol\u00edtica de las comunidades ind\u00edgenas, ha llevado a cabo una investigaci\u00f3n, as\u00ed como diversas entrevistas a autoridades ancestrales y dirigentes de la F\u00fctawillimapu, en un contexto en que los derechos ind\u00edgenas se encuentran a\u00fan pendientes de ser implementados de forma plena.<\/p>\n\n\n\n<p>En el Traw\u00fcn-conversatorio, se contempla la participaci\u00f3n de expositores desde los territorios, entre ellos\/as la exposici\u00f3n del Colectivo Mapuexpress como asimismo&nbsp;<strong>Mart\u00edn Paillamanque, en representaci\u00f3n de la Comunidad de Maicolpi, San Juan de la Costa<\/strong>, quienes lideraron una importante demanda el a\u00f1o 2013 contra el Estado chileno respecto al problema minero. Asimismo, participar\u00e1 la lamgen&nbsp;<strong>Carolina Carillanca, historiadora&nbsp;<\/strong>quien en su investigaci\u00f3n ha analizado la historia Mapuche Williche en un n\u00fctram\/conversaci\u00f3n que analizar\u00e1 la situaci\u00f3n y la forma de enfrentar el avance de industrias extractivas, entre ellas la miner\u00eda.<\/p>\n\n\n\n<p>Tambi\u00e9n se contar\u00e1 con la exposici\u00f3n por parte de especialistas en materia de derechos ind\u00edgenas, como&nbsp;<strong>Mauricio Maya, Jefe Regional del Instituto Nacional de Derechos Humanos de la regi\u00f3n de Los Lagos<\/strong>, quien en el a\u00f1o 2015 fue parte del equipo que emiti\u00f3 el informe \u201cMisi\u00f3n de Observaci\u00f3n: San Juan de la Costa\u201d y analizar\u00e1 el escenario de&nbsp; posible afectaci\u00f3n de Derechos como consecuencia del otorgamiento y constituci\u00f3n de concesiones mineras en la zona.<\/p>\n\n\n\n<p>Participar\u00e1 a su vez&nbsp;<strong>Felipe Guerra, abogado, doctor en Derecho, integrante del Observatorio Ciudadano,<\/strong>&nbsp;quien apoy\u00f3 la defensa de la Comunidad Mapuche Llancalil (Puc\u00f3n), en un fallo hist\u00f3rico en el que se reconoci\u00f3 el requisito de implementar procesos de Consulta Previa ante los procedimientos de solicitud de concesiones mineras cuando afectan a territorio Mapuche.<\/p>\n\n\n\n<p>En el traw\u00fcn, se presentar\u00e1 la publicaci\u00f3n del libro:&nbsp;<strong>\u201cComunicaci\u00f3n y Resistencias contra las amenazas mineras en la F\u00fctawillimapu\u201d&nbsp;<\/strong>que contiene reportajes, entrevistas y art\u00edculos sobre la tem\u00e1tica, desarrollados por Martina Paillacar Mutiz\u00e1bal (periodista) y Ronny Leiva Salamanca (psic\u00f3logo), ambos integrantes del Colectivo Mapuexpress.&nbsp;<\/p>\n\n\n\n<p>La publicaci\u00f3n es uno de los productos del proyecto, junto con un podcast de cuatro cortos radiales, en los cuales se presenta una panor\u00e1mica desde el punto de vista de dirigentes, autoridades tradicionales y especialistas.<\/p>\n\n\n\n<p>El Colectivo Mapuexpress ha declarado que a trav\u00e9s de la iniciativa, busca contribuir a la comprensi\u00f3n de los conflictos socioambientales en la F\u00fctawillimapu, con el foco en la miner\u00eda, actividad que aparece como una nueva forma de intervenci\u00f3n en los territorios y que requiere de especial atenci\u00f3n de modo de proteger los espacios en que la libre determinaci\u00f3n es a\u00fan posible.<\/p>\n\n\n\n<p>En la jornada, que no requiere inscripci\u00f3n previa,&nbsp;<strong>se entregar\u00e1n gratuitamente ejemplares del libro realizado, adem\u00e1s, habr\u00e1 kumiyal (banqueter\u00eda con pertinencia Mapuche Williche) y se contar\u00e1 con la m\u00fasica de Meli Newen.&nbsp;<\/strong><\/p>\n","protected":false},"excerpt":{"rendered":"<p>\u201cComunicaci\u00f3n y Resistencias contra las amenazas mineras en la F\u00fctawillimapu\u201d se llama el Traw\u00fcn-conversatorio a realizarse el s\u00e1bado 22 de junio desde las 15 a 18 horas, en la  sede social de la Poblaci\u00f3n Eleuterio Ram\u00edrez de Osorno, ubicada en Pedro Aguirre Cerda #950.<\/p>\n","protected":false},"author":1,"featured_media":22102,"comment_status":"closed","ping_status":"closed","sticky":false,"template":"","format":"standard","meta":{"footnotes":""},"categories":[3,6],"tags":[2118,337,273,247,133],"class_list":["post-22101","post","type-post","status-publish","format-standard","has-post-thumbnail","hentry","category-al-dia","category-politica","tag-semanariolocal","tag-informacion","tag-noticias","tag-region-de-los-lagos","tag-semanario-local"],"_links":{"self":[{"href":"https:\/\/www.semanariolocal.cl\/index.php?rest_route=\/wp\/v2\/posts\/22101","targetHints":{"allow":["GET"]}}],"collection":[{"href":"https:\/\/www.semanariolocal.cl\/index.php?rest_route=\/wp\/v2\/posts"}],"about":[{"href":"https:\/\/www.semanariolocal.cl\/index.php?rest_route=\/wp\/v2\/types\/post"}],"author":[{"embeddable":true,"href":"https:\/\/www.semanariolocal.cl\/index.php?rest_route=\/wp\/v2\/users\/1"}],"replies":[{"embeddable":true,"href":"https:\/\/www.semanariolocal.cl\/index.php?rest_route=%2Fwp%2Fv2%2Fcomments&post=22101"}],"version-history":[{"count":1,"href":"https:\/\/www.semanariolocal.cl\/index.php?rest_route=\/wp\/v2\/posts\/22101\/revisions"}],"predecessor-version":[{"id":22103,"href":"https:\/\/www.semanariolocal.cl\/index.php?rest_route=\/wp\/v2\/posts\/22101\/revisions\/22103"}],"wp:featuredmedia":[{"embeddable":true,"href":"https:\/\/www.semanariolocal.cl\/index.php?rest_route=\/wp\/v2\/media\/22102"}],"wp:attachment":[{"href":"https:\/\/www.semanariolocal.cl\/index.php?rest_route=%2Fwp%2Fv2%2Fmedia&parent=22101"}],"wp:term":[{"taxonomy":"category","embeddable":true,"href":"https:\/\/www.semanariolocal.cl\/index.php?rest_route=%2Fwp%2Fv2%2Fcategories&post=22101"},{"taxonomy":"post_tag","embeddable":true,"href":"https:\/\/www.semanariolocal.cl\/index.php?rest_route=%2Fwp%2Fv2%2Ftags&post=22101"}],"curies":[{"name":"wp","href":"https:\/\/api.w.org\/{rel}","templated":true}]}}