{"id":22096,"date":"2024-06-21T23:25:50","date_gmt":"2024-06-22T03:25:50","guid":{"rendered":"https:\/\/www.semanariolocal.cl\/?p=22096"},"modified":"2024-06-21T23:27:34","modified_gmt":"2024-06-22T03:27:34","slug":"core-acuerda-solicitud-de-informe-para-evaluar-inversiones-y-gestion-en-torno-a-residuos-solidos-domiciliarios","status":"publish","type":"post","link":"https:\/\/www.semanariolocal.cl\/?p=22096","title":{"rendered":"CORE acuerda solicitud de informe para evaluar inversiones y gesti\u00f3n en torno a Residuos S\u00f3lidos Domiciliarios"},"content":{"rendered":"\n<p>El Core Francisco Reyes, inform\u00f3 que en 2023, la inversi\u00f3n en el manejo de Residuos S\u00f3lidos Domiciliarios en la regi\u00f3n super\u00f3 los 4.500 millones de pesos. De este monto, el 49% fue destinado a la provincia de Chilo\u00e9, representando una inversi\u00f3n de 2.205 millones de pesos. Adem\u00e1s, se destinaron 289 millones de pesos a iniciativas de valorizaci\u00f3n de residuos en Chilo\u00e9.<\/p>\n\n\n\n<p>\u00abEstas cifras ser\u00edan positivas si se reflejaran en resultados concretos, pero esta semana conocimos un informe lapidario de la Contralor\u00eda sobre el Fondo para el Reciclaje, actualmente a cargo de la Seremi del Medio Ambiente\u00bb, se\u00f1al\u00f3 Reyes. El informe revel\u00f3 que maquinaria adquirida entre 2019 y 2022 permaneci\u00f3 almacenada sin uso en bodegas de tres municipios de Chilo\u00e9, y no se justificaron adecuadamente las actividades financiadas en municipios como Ancud, Quinchao, Quemchi, Dalcahue, Castro y Queilen.<\/p>\n\n\n\n<p>La autoridad regional, enfatiz\u00f3 la necesidad de hacer un seguimiento m\u00e1s riguroso de la inversi\u00f3n en Residuos S\u00f3lidos Domiciliarios, para evitar problemas similares en otras provincias como Llanquihue, Osorno y Palena. \u00abNo podemos seguir votando plata literalmente a la basura en ninguna parte de la regi\u00f3n de Los Lagos\u00bb, afirm\u00f3.<\/p>\n\n\n\n<p>Para abordar estos problemas, Reyes propuso un acuerdo en el Consejo Regional, que fue acogido de manera un\u00e1nime por el pleno, para solicitar un seguimiento real de las inversiones. \u00abNo podemos seguir aprobando maquinaria, camiones, composteras o contenedores sin garantizar que todo est\u00e9 siendo utilizado adecuadamente y que se logren los objetivos de separaci\u00f3n, valorizaci\u00f3n y reducci\u00f3n de basura\u00bb, agreg\u00f3.<\/p>\n\n\n\n<p>Tambi\u00e9n hizo un llamado a los alcaldes y alcaldesas para que se pongan de acuerdo en encontrar sitios de disposici\u00f3n final y comuniquen sus decisiones de manera formal y p\u00fablica. \u00abLa gente espera respuestas y no tantas incertidumbres en materia de inversi\u00f3n\u00bb.&nbsp; Por ello, espera que esta propuesta de seguimiento se implemente para asegurar una gesti\u00f3n eficiente y transparente de los recursos destinados al manejo de residuos s\u00f3lidos domiciliarios en la regi\u00f3n, puntualiz\u00f3.<\/p>\n","protected":false},"excerpt":{"rendered":"<p>En la \u00faltima sesi\u00f3n del Consejo Regional de Los Lagos, el presidente de la Comisi\u00f3n de Medio Ambiente se present\u00f3 informaci\u00f3n sobre la inversi\u00f3n en RSD (Residuos S\u00f3lidos Domiciliarios) en la regi\u00f3n, destacando cifras significativas .<\/p>\n","protected":false},"author":1,"featured_media":22097,"comment_status":"closed","ping_status":"closed","sticky":false,"template":"","format":"standard","meta":{"footnotes":""},"categories":[3,6],"tags":[2118,337,273,247,133],"class_list":["post-22096","post","type-post","status-publish","format-standard","has-post-thumbnail","hentry","category-al-dia","category-politica","tag-semanariolocal","tag-informacion","tag-noticias","tag-region-de-los-lagos","tag-semanario-local"],"_links":{"self":[{"href":"https:\/\/www.semanariolocal.cl\/index.php?rest_route=\/wp\/v2\/posts\/22096","targetHints":{"allow":["GET"]}}],"collection":[{"href":"https:\/\/www.semanariolocal.cl\/index.php?rest_route=\/wp\/v2\/posts"}],"about":[{"href":"https:\/\/www.semanariolocal.cl\/index.php?rest_route=\/wp\/v2\/types\/post"}],"author":[{"embeddable":true,"href":"https:\/\/www.semanariolocal.cl\/index.php?rest_route=\/wp\/v2\/users\/1"}],"replies":[{"embeddable":true,"href":"https:\/\/www.semanariolocal.cl\/index.php?rest_route=%2Fwp%2Fv2%2Fcomments&post=22096"}],"version-history":[{"count":2,"href":"https:\/\/www.semanariolocal.cl\/index.php?rest_route=\/wp\/v2\/posts\/22096\/revisions"}],"predecessor-version":[{"id":22100,"href":"https:\/\/www.semanariolocal.cl\/index.php?rest_route=\/wp\/v2\/posts\/22096\/revisions\/22100"}],"wp:featuredmedia":[{"embeddable":true,"href":"https:\/\/www.semanariolocal.cl\/index.php?rest_route=\/wp\/v2\/media\/22097"}],"wp:attachment":[{"href":"https:\/\/www.semanariolocal.cl\/index.php?rest_route=%2Fwp%2Fv2%2Fmedia&parent=22096"}],"wp:term":[{"taxonomy":"category","embeddable":true,"href":"https:\/\/www.semanariolocal.cl\/index.php?rest_route=%2Fwp%2Fv2%2Fcategories&post=22096"},{"taxonomy":"post_tag","embeddable":true,"href":"https:\/\/www.semanariolocal.cl\/index.php?rest_route=%2Fwp%2Fv2%2Ftags&post=22096"}],"curies":[{"name":"wp","href":"https:\/\/api.w.org\/{rel}","templated":true}]}}