{"id":22093,"date":"2024-06-21T11:16:00","date_gmt":"2024-06-21T15:16:00","guid":{"rendered":"https:\/\/www.semanariolocal.cl\/?p=22093"},"modified":"2024-06-21T23:22:26","modified_gmt":"2024-06-22T03:22:26","slug":"senador-bianchi-por-tarifas-de-luz-es-un-robo-se-prometio-congelar-y-termino-siendo-un-credito","status":"publish","type":"post","link":"https:\/\/www.semanariolocal.cl\/?p=22093","title":{"rendered":"Senador Bianchi por tarifas de luz: \u201cEs un robo, se prometi\u00f3 congelar y termin\u00f3 siendo un cr\u00e9dito\u201d"},"content":{"rendered":"\n<p>El senador Independiente, Karim Bianchi, fue claro en se\u00f1alar que el aumento de los valores de la luz es un robo, \u201cse nos prometi\u00f3 un congelamiento y result\u00f3 un cr\u00e9dito para las compa\u00f1\u00edas que dejaron de percibir US$ 2800 millones y nos est\u00e1n cobrando US$ 6000 millones, adem\u00e1s de un aumento inflacionario\u201d.<\/p>\n\n\n\n<p>En esa l\u00ednea, el parlamentario por Magallanes sostuvo que dado el fuerte aumento que va a existir en las cuentas de la luz, \u201cyo espero que se trate de un error y no de un robo\u201d.<\/p>\n\n\n\n<p>Para Bianchi, el Gobierno est\u00e1 siendo c\u00f3mplice con las empresas el\u00e9ctricas, \u201cyo siendo diputado recuerdo bien c\u00f3mo se tramit\u00f3 esta ley, era un congelamiento de la tarifa, no un cr\u00e9dito para las empresas de electricidad, que perdieron cerca de 2.800 millones de d\u00f3lares y hoy d\u00eda se le est\u00e1 cobrando a la gente 6.000 millones de d\u00f3lares de lo que dejaron de percibir\u201d.<\/p>\n\n\n\n<p>Por ello, el senador independiente indic\u00f3 que \u201cel ministro debe aclarar bien las cifras, ac\u00e1 hay un aumento que no corresponde, que no fue el que se determin\u00f3 en la tramitaci\u00f3n legal y que se est\u00e1 abusando de la necesidad y adem\u00e1s lo van a pagar todos los chilenos junto con el efecto inflacionario que todo esto va a tener\u201d.<\/p>\n\n\n\n<p>\u201cEsto es un abuso que no corresponde, ac\u00e1 hay que aclarar las cuentas de las tarifas el\u00e9ctricas, porque no permitiremos que los chilenos paguen por algo que no corresponde\u201d, sentenci\u00f3 el senador Karim Bianchi.<\/p>\n","protected":false},"excerpt":{"rendered":"<p>El parlamentario Independiente asegur\u00f3 que esto es solo un beneficio para las compa\u00f1\u00edas el\u00e9ctricas que dejaron de percibir US$ 2800 millones<\/p>\n","protected":false},"author":1,"featured_media":22094,"comment_status":"closed","ping_status":"closed","sticky":false,"template":"","format":"standard","meta":{"footnotes":""},"categories":[3,2406,9,6],"tags":[2118,337,273,247,133],"class_list":["post-22093","post","type-post","status-publish","format-standard","has-post-thumbnail","hentry","category-al-dia","category-empresas","category-gobierno","category-politica","tag-semanariolocal","tag-informacion","tag-noticias","tag-region-de-los-lagos","tag-semanario-local"],"_links":{"self":[{"href":"https:\/\/www.semanariolocal.cl\/index.php?rest_route=\/wp\/v2\/posts\/22093","targetHints":{"allow":["GET"]}}],"collection":[{"href":"https:\/\/www.semanariolocal.cl\/index.php?rest_route=\/wp\/v2\/posts"}],"about":[{"href":"https:\/\/www.semanariolocal.cl\/index.php?rest_route=\/wp\/v2\/types\/post"}],"author":[{"embeddable":true,"href":"https:\/\/www.semanariolocal.cl\/index.php?rest_route=\/wp\/v2\/users\/1"}],"replies":[{"embeddable":true,"href":"https:\/\/www.semanariolocal.cl\/index.php?rest_route=%2Fwp%2Fv2%2Fcomments&post=22093"}],"version-history":[{"count":1,"href":"https:\/\/www.semanariolocal.cl\/index.php?rest_route=\/wp\/v2\/posts\/22093\/revisions"}],"predecessor-version":[{"id":22095,"href":"https:\/\/www.semanariolocal.cl\/index.php?rest_route=\/wp\/v2\/posts\/22093\/revisions\/22095"}],"wp:featuredmedia":[{"embeddable":true,"href":"https:\/\/www.semanariolocal.cl\/index.php?rest_route=\/wp\/v2\/media\/22094"}],"wp:attachment":[{"href":"https:\/\/www.semanariolocal.cl\/index.php?rest_route=%2Fwp%2Fv2%2Fmedia&parent=22093"}],"wp:term":[{"taxonomy":"category","embeddable":true,"href":"https:\/\/www.semanariolocal.cl\/index.php?rest_route=%2Fwp%2Fv2%2Fcategories&post=22093"},{"taxonomy":"post_tag","embeddable":true,"href":"https:\/\/www.semanariolocal.cl\/index.php?rest_route=%2Fwp%2Fv2%2Ftags&post=22093"}],"curies":[{"name":"wp","href":"https:\/\/api.w.org\/{rel}","templated":true}]}}