{"id":21926,"date":"2024-06-13T17:23:32","date_gmt":"2024-06-13T21:23:32","guid":{"rendered":"https:\/\/www.semanariolocal.cl\/?p=21926"},"modified":"2024-06-13T17:23:33","modified_gmt":"2024-06-13T21:23:33","slug":"encuentro-del-agro-de-productores-y-empresarios-tras-la-busqueda-de-desarrollo-para-la-region","status":"publish","type":"post","link":"https:\/\/www.semanariolocal.cl\/?p=21926","title":{"rendered":"Encuentro del Agro de productores y empresarios tras la b\u00fasqueda de desarrollo para la regi\u00f3n"},"content":{"rendered":"\n<p>Con el objetivo de visibilizar oportunidades para desarrollar y potenciar negocios que prestan servicios de calidad al mundo agr\u00edcola, se desarroll\u00f3 durante esta jornada en Osorno el Encuentro del Agro 2024, cita en la que participaron empresarios, emprendedores, mentores y acad\u00e9micos del rubro agr\u00edcola.<\/p>\n\n\n\n<p>La instancia cont\u00f3 con las exposiciones especiales de Juan Pablo Swett, economista, fundador de diversas empresas y asociaciones como la Multigremial Nacional, donde actualmente se desempe\u00f1a como presidente, y Mauricio Magnasco, cofundador de Cooperativa Agr\u00edcola de Granos, Nueva Agr\u00edcola y Alisur, quienes guiaron un conversatorio, respondiendo preguntas de los m\u00e1s de 80 asistentes.<\/p>\n\n\n\n<p>Desde la Fundaci\u00f3n Antonio Hitschfeld, Cecilia Neumann, presidenta del directorio, dio la bienvenida los asistentes, y aprovech\u00f3 de contextualizar sobre el encuentro y la labor de la fundaci\u00f3n durante estos a\u00f1os, destacando su anhelo por apoyar a micro y peque\u00f1os emprendedores del agro con un fuerte esp\u00edritu de superaci\u00f3n. A trav\u00e9s de un emotivo y significativo video testimonial, se apreci\u00f3 a parte del grupo de emprendedores que hoy est\u00e1n siendo apoyados por la fundaci\u00f3n de manera personalizada y cercana.<\/p>\n\n\n\n<p>Por su parte Juan Pablo Swett, en su calidad de emprendedor, economista y presidente de la Multigremial Nacional, asegur\u00f3 que uno de los principales temas abordados en el encuentro fue \u201cmotivar a los empresarios, que muchas veces se quedan sentados y que tienen un rol importante, que es a nivel de la educaci\u00f3n, a nivel del apoyo a las escuelas rurales, a nivel de ense\u00f1ar a los j\u00f3venes que no solamente tienen que ser empleados, sino que tambi\u00e9n puede haber una oportunidad de emprender, de salir adelante y que hay instancias de apoyo para que esos emprendimientos terminen siendo exitosos\u201d.<\/p>\n\n\n\n<p>En esa l\u00ednea, agreg\u00f3 que \u201cac\u00e1 tenemos casi 15 emprendedores que han pasado por la fundaci\u00f3n, donde han visto c\u00f3mo sus proyectos de pasar a ser alumnos que trabajaban solos a tener hoy d\u00eda una empresa de 5 o 10 trabajadores. Empresas innovadoras que han recibido el apoyo en t\u00e9rminos de formalizarse, en t\u00e9rminos de acceder a m\u00e1s clientes. Yo creo que aqu\u00ed hay un ecosistema donde est\u00e1n los gremios empresariales, la SAGO Fisur, la Fundaci\u00f3n Antonio Hitschfeld, la Multigremial Nacional y tambi\u00e9n los empresarios, donde tenemos que hacernos cargos que probablemente aqu\u00ed en la regi\u00f3n tengamos del orden de 5 mil a 6 mil emprendedores, microempresas que tenemos que ayudarlas a crecer, que tenemos que ayudarlas a tener m\u00e1s empleo y que son obviamente el futuro de la naci\u00f3n\u201d.<\/p>\n\n\n\n<p>Asimismo, Claudia Pizarro, directora ejecutiva de la Fundaci\u00f3n Antonio Hitschfeld, destac\u00f3 que como fundaci\u00f3n \u201choy d\u00eda ya tenemos tres a\u00f1os en operaci\u00f3n. Tenemos tres generaciones a las que hemos apoyado a trav\u00e9s de la Corporaci\u00f3n Sim\u00f3n de Cirene, que es nuestra parte de ejecutor, y a trav\u00e9s de la cual le damos capacitaci\u00f3n, mentor\u00edas, hay un fondo concursable, con lo que vamos generando una comunidad\u201d<\/p>\n\n\n\n<p>Agreg\u00f3 que \u201cya vemos emprendedores, dentro de los que nosotros aqu\u00ed estamos formando, que han generado alianzas entre ellos. No solamente sinergia, sino que se han asociado y han generado motores de cambio en su entorno, y obviamente eso ha generado motores de cambio en la regi\u00f3n\u201d.<\/p>\n\n\n\n<p>La directora ejecutiva de la Corporaci\u00f3n Sim\u00f3n de Cirene, Alejandra Canessa, explic\u00f3 que \u201cLa Fundaci\u00f3n Antonio Hitschfeld hace dos o tres a\u00f1os, naci\u00f3 con un sue\u00f1o y nosotros que trabajamos con emprendedores como corporaci\u00f3n, nos contrataron para apoyarlo. La verdad que hoy d\u00eda lo que m\u00e1s nos emociona es ver c\u00f3mo su directorio ha crecido y se muestra. Es emocionante ver c\u00f3mo funciona con un objetivo com\u00fan de fortalecer a la poblaci\u00f3n\u201d.<\/p>\n\n\n\n<p><strong>Emprendedores<\/strong><\/p>\n\n\n\n<p>El Encuentro del Agro 2024 cont\u00f3, adem\u00e1s, con 13 stands de emprendedores pertenecientes al Programa Agro Escala, iniciativa de la Fundaci\u00f3n Antonio Hitschfeld, ejecutada por la Corporaci\u00f3n Sim\u00f3n de Cirene,que acompa\u00f1a a emprendedores del rubro silvoagropecuario de las regiones de Los R\u00edos y Los Lagos con capacitaci\u00f3n y mentor\u00edas, adem\u00e1s de hacerlos parte de una \u201cComunidad Emprendedora\u201d que participa activamente en talleres de asociatividad y charlas de expertos.<\/p>\n\n\n\n<p>Los emprendedores, en su mayor\u00eda prestadores de servicios del agro, tuvieron la posibilidad de exhibir sus negocios y propuestas de valores, adem\u00e1s de intercambiar experiencias con otros actores pertenecientes al mundo agr\u00edcola. Desde prestaci\u00f3n de servicios de maquinar\u00eda, topograf\u00eda, ingenier\u00eda, riego, bienestar animal, entre muchos otros, estuvieron presentes y tuvieron visibilidad en esta instancia.<\/p>\n\n\n\n<p>Andrea Moreno, quien fund\u00f3 en la comuna de Osorno su emprendimiento Centraliza, explic\u00f3 que el programa Agro escala que entrega la fundaci\u00f3n \u201cnos ayuda a las pymes a vernos como empresa, a trabajar como empresa, y cuando todas las peque\u00f1as empresas hacemos eso, lo que reflejamos y lo que transmitimos a nuestros clientes es calidad, es buen servicio, es responsabilidad. Y yo creo que ah\u00ed el sello de la fundaci\u00f3n queda s\u00faper patente en las empresas que hoy d\u00eda estamos ac\u00e1 y da la instancia y nos enorgullece poder estar presentando los servicios al gremio de agricultores y comercios\u201d.<\/p>\n","protected":false},"excerpt":{"rendered":"<p>En la instancia, organizada por la Fundaci\u00f3n Antonio Hitschfeld, los m\u00e1s de 80 asistentes pudieron compartir con Juan Pablo Swett y Mauricio Magnasco, quienes fueron los expositores invitados al encuentro.<\/p>\n","protected":false},"author":1,"featured_media":21927,"comment_status":"closed","ping_status":"closed","sticky":false,"template":"","format":"standard","meta":{"footnotes":""},"categories":[20,3,12,2406],"tags":[2118,3223,337,273,132,247,133],"class_list":["post-21926","post","type-post","status-publish","format-standard","has-post-thumbnail","hentry","category-agro","category-al-dia","category-economia","category-empresas","tag-semanariolocal","tag-encuentro-del-agro-2024","tag-informacion","tag-noticias","tag-osorno","tag-region-de-los-lagos","tag-semanario-local"],"_links":{"self":[{"href":"https:\/\/www.semanariolocal.cl\/index.php?rest_route=\/wp\/v2\/posts\/21926","targetHints":{"allow":["GET"]}}],"collection":[{"href":"https:\/\/www.semanariolocal.cl\/index.php?rest_route=\/wp\/v2\/posts"}],"about":[{"href":"https:\/\/www.semanariolocal.cl\/index.php?rest_route=\/wp\/v2\/types\/post"}],"author":[{"embeddable":true,"href":"https:\/\/www.semanariolocal.cl\/index.php?rest_route=\/wp\/v2\/users\/1"}],"replies":[{"embeddable":true,"href":"https:\/\/www.semanariolocal.cl\/index.php?rest_route=%2Fwp%2Fv2%2Fcomments&post=21926"}],"version-history":[{"count":1,"href":"https:\/\/www.semanariolocal.cl\/index.php?rest_route=\/wp\/v2\/posts\/21926\/revisions"}],"predecessor-version":[{"id":21928,"href":"https:\/\/www.semanariolocal.cl\/index.php?rest_route=\/wp\/v2\/posts\/21926\/revisions\/21928"}],"wp:featuredmedia":[{"embeddable":true,"href":"https:\/\/www.semanariolocal.cl\/index.php?rest_route=\/wp\/v2\/media\/21927"}],"wp:attachment":[{"href":"https:\/\/www.semanariolocal.cl\/index.php?rest_route=%2Fwp%2Fv2%2Fmedia&parent=21926"}],"wp:term":[{"taxonomy":"category","embeddable":true,"href":"https:\/\/www.semanariolocal.cl\/index.php?rest_route=%2Fwp%2Fv2%2Fcategories&post=21926"},{"taxonomy":"post_tag","embeddable":true,"href":"https:\/\/www.semanariolocal.cl\/index.php?rest_route=%2Fwp%2Fv2%2Ftags&post=21926"}],"curies":[{"name":"wp","href":"https:\/\/api.w.org\/{rel}","templated":true}]}}