{"id":21920,"date":"2024-06-13T17:03:38","date_gmt":"2024-06-13T21:03:38","guid":{"rendered":"https:\/\/www.semanariolocal.cl\/?p=21920"},"modified":"2024-06-13T17:03:39","modified_gmt":"2024-06-13T21:03:39","slug":"fonasa-realiza-taller-para-implementar-mejoras-en-casos-de-ley-de-urgencia","status":"publish","type":"post","link":"https:\/\/www.semanariolocal.cl\/?p=21920","title":{"rendered":"Fonasa realiza taller para implementar mejoras en casos de Ley de Urgencia"},"content":{"rendered":"\n<p>El \u201ctaller Ley de Urgencia\u201d es el primero que se realiza en regiones, busca explicar, resolver dudas e incentivar a los equipos a adherirse a este nuevo modelo Predictivo de Pertinencia cl\u00ednica (MPP). El MPP es una herramienta inform\u00e1tica que, a trav\u00e9s de un modelo de ciencia de datos, entrenado a partir de antecedentes hist\u00f3ricos de Ley de Urgencia y los criterios cl\u00ednicos establecidos por la Divisi\u00f3n de Fiscalizaci\u00f3n y Contralor\u00eda, eval\u00faa si un caso cuenta con las condiciones establecidas para ser considerado como una atenci\u00f3n en el marco de dicha Ley. Es un modelo reciente que se incorpor\u00f3 a partir de marzo de 2023, con tan solo 6 prestadores en Santiago, para una marcha blanca. Como consecuencia de sus exitosos resultados se ha expandido a todo el pa\u00eds y con una muy buena evaluaci\u00f3n.<\/p>\n\n\n\n<p>La importancia de este modelo tambi\u00e9n ha sido valorada en otras instancias, un ejemplo de lo anterior es el premio a la excelencia institucional otorgado por el Servicio Civil, en el que fue reconocido Fonasa por segundo a\u00f1o consecutivo, al presentar el Modelo Predictivo de Pertinencia como parte de las innovaciones en la gesti\u00f3n de los recursos.<\/p>\n\n\n\n<p>El Modelo Predictivo de Pertinencia (MPP) considera criterios cl\u00ednicos, administrativos y financieros, por lo que si el caso ingresa sin alertas se resuelve el pago autom\u00e1ticamente. De lo contrario pasa directamente a revisi\u00f3n manual por el departamento a cargo. Esto ha permitido que <strong>durante su puesta en marcha se disminuyan los d\u00edas para la revisi\u00f3n, validaci\u00f3n y pago de cuentas, de 240 a 17 d\u00edas.<\/strong><\/p>\n\n\n\n<p>El \u201cTaller Ley de Urgencia\u201d se realiz\u00f3 en Temuco y participaron representantes de las cl\u00ednicas:&nbsp; Red Salud Mayor de Temuco; Red Salud de Punta Arenas; Andes Salud de Puerto Montt; Alemana de Osorno; Alemana de Temuco; Cl\u00ednica Puerto Montt; Alemana de Valdivia; Cl\u00ednica Puerto Varas.<\/p>\n\n\n\n<p><strong>Ley de Urgencia<\/strong><\/p>\n\n\n\n<p>Se recuerda que frente a una emergencia <strong>con riesgo de muerte o de una secuela funcional<\/strong> <strong>grave <\/strong>cuentan con el beneficio de la Ley de Urgencia, que permite recibir asistencia m\u00e9dica de manera inmediata en el Servicio de Urgencia m\u00e1s cercano en ese momento, ya sea p\u00fablico o privado. La garant\u00eda de la Ley de Urgencia <strong>rige hasta el momento de tu estabilizaci\u00f3n.<\/strong> Aunque tu problema de salud no haya sido completamente resuelto; pero si ya est\u00e1s en mejores condiciones, de acuerdo a criterios m\u00e9dicos y sin poner en riesgo tu vida.<\/p>\n","protected":false},"excerpt":{"rendered":"<p>Con la presencia de representantes de 8 Cl\u00ednicas del sur de Chile se realiz\u00f3 el encuentro en Temuco, que busca perfeccionar el proceso de validaci\u00f3n y pago de estas prestaciones, bajando de 240 a 17 d\u00edas. El nuevo modelo presentado mejora el flujo de pago aumentando la eficiencia de revisi\u00f3n, aprobaci\u00f3n y validaci\u00f3n.<\/p>\n","protected":false},"author":1,"featured_media":21921,"comment_status":"closed","ping_status":"closed","sticky":false,"template":"","format":"standard","meta":{"footnotes":""},"categories":[3,9,2484],"tags":[2118,3221,337,273,247,133],"class_list":["post-21920","post","type-post","status-publish","format-standard","has-post-thumbnail","hentry","category-al-dia","category-gobierno","category-salud","tag-semanariolocal","tag-fonasa","tag-informacion","tag-noticias","tag-region-de-los-lagos","tag-semanario-local"],"_links":{"self":[{"href":"https:\/\/www.semanariolocal.cl\/index.php?rest_route=\/wp\/v2\/posts\/21920","targetHints":{"allow":["GET"]}}],"collection":[{"href":"https:\/\/www.semanariolocal.cl\/index.php?rest_route=\/wp\/v2\/posts"}],"about":[{"href":"https:\/\/www.semanariolocal.cl\/index.php?rest_route=\/wp\/v2\/types\/post"}],"author":[{"embeddable":true,"href":"https:\/\/www.semanariolocal.cl\/index.php?rest_route=\/wp\/v2\/users\/1"}],"replies":[{"embeddable":true,"href":"https:\/\/www.semanariolocal.cl\/index.php?rest_route=%2Fwp%2Fv2%2Fcomments&post=21920"}],"version-history":[{"count":1,"href":"https:\/\/www.semanariolocal.cl\/index.php?rest_route=\/wp\/v2\/posts\/21920\/revisions"}],"predecessor-version":[{"id":21922,"href":"https:\/\/www.semanariolocal.cl\/index.php?rest_route=\/wp\/v2\/posts\/21920\/revisions\/21922"}],"wp:featuredmedia":[{"embeddable":true,"href":"https:\/\/www.semanariolocal.cl\/index.php?rest_route=\/wp\/v2\/media\/21921"}],"wp:attachment":[{"href":"https:\/\/www.semanariolocal.cl\/index.php?rest_route=%2Fwp%2Fv2%2Fmedia&parent=21920"}],"wp:term":[{"taxonomy":"category","embeddable":true,"href":"https:\/\/www.semanariolocal.cl\/index.php?rest_route=%2Fwp%2Fv2%2Fcategories&post=21920"},{"taxonomy":"post_tag","embeddable":true,"href":"https:\/\/www.semanariolocal.cl\/index.php?rest_route=%2Fwp%2Fv2%2Ftags&post=21920"}],"curies":[{"name":"wp","href":"https:\/\/api.w.org\/{rel}","templated":true}]}}