{"id":21854,"date":"2024-06-10T21:30:43","date_gmt":"2024-06-11T01:30:43","guid":{"rendered":"https:\/\/www.semanariolocal.cl\/?p=21854"},"modified":"2024-06-10T21:31:45","modified_gmt":"2024-06-11T01:31:45","slug":"desde-una-experta-en-cuantica-hasta-la-directora-de-una-escuela-rural-en-la-gira-presidencial","status":"publish","type":"post","link":"https:\/\/www.semanariolocal.cl\/?p=21854","title":{"rendered":"Desde una experta en cu\u00e1ntica hasta la directora de una escuela rural en la Gira Presidencial"},"content":{"rendered":"\n<p>El Presidente de la Rep\u00fablica, Gabriel Boric Font, inici\u00f3 ayer la Gira Presidencial por Alemania, Suecia, Suiza y Francia. Entre su grupo de invitados se encuentra una comitiva integrada por representantes del mundo de la ciencia, la tecnolog\u00eda, el conocimiento y la innovaci\u00f3n.<\/p>\n\n\n\n<p>La Gira tiene 5 ejes tem\u00e1ticos: Fortalecimiento de la Democracia y de los Derechos Humanos , Transici\u00f3n Energ\u00e9tica, Inversiones, Sustentabilidad y Liderazgo Cient\u00edfico. Entre otras actividades relacionadas con este \u00faltimo tema, el viaje contempla la participaci\u00f3n de la comitiva en el Innovation Summit Chile-Alemania, una visita al European Southern Observatory (ESO), con el fin de fortalecer los lazos entre Chile y Alemania en materia de investigaci\u00f3n e innovaci\u00f3n astron\u00f3mica, y un encuentro con la Plataforma de Cooperaci\u00f3n Acad\u00e9mica Chile Suecia (ACCESS).<\/p>\n\n\n\n<p>La delegaci\u00f3n cient\u00edfica est\u00e1 integrada por el presidente de la Sociedad Chilena de Astronom\u00eda,&nbsp;<strong>Bruno D\u00edas<\/strong>; la rectora de la Universidad de Chile,&nbsp;<strong>Rosa Dev\u00e9s<\/strong>; la investigadora, divulgadora cient\u00edfica y escritora,&nbsp;<strong>Teresa Paneque<\/strong>; la profesora de Castellano de Ense\u00f1anza Media, que trabaj\u00f3 por 18 a\u00f1os en el liceo Galvarino Riveros C\u00e1rdenas y que actualmente es la profesora encargada de la Escuela Rural R\u00edo Blanco, nominada al Global Teacher Price en 2022,&nbsp;<strong>Paula Miranda<\/strong>; el profesor de la asignatura \u201cCiencias para la ciudadan\u00eda\u201d del Liceo Industrial de Recoleta y que ha participado activamente en las actividades e instrumentos del PAR Explora RM Norte,&nbsp;<strong>Claudio Miranda<\/strong>.<\/p>\n\n\n\n<p>Desde regiones, el grupo incluye tres representantes del mundo de la investigaci\u00f3n y el emprendimiento de base cient\u00edfico tecnol\u00f3gico: El integrante del Instituto Ant\u00e1rtico Chileno y primer chileno en presidir el Comit\u00e9 Cient\u00edfico de la Comisi\u00f3n para la Conservaci\u00f3n de los Recursos Vivos Marinos Ant\u00e1rticos,&nbsp;<strong>C\u00e9sar C\u00e1rdenas.<\/strong>&nbsp;El director cient\u00edfico de Berking Biotechnology, acad\u00e9mico y cient\u00edfico de la Facultad de Medicina de la Universidad Austral de Chile,&nbsp;<strong>Alejandro Rojas<\/strong>, y&nbsp; la doctora en Astrof\u00edsica y experta en tecnolog\u00edas cu\u00e1nticas,&nbsp;<strong>Paulina Assmann<\/strong>, creadora de la empresa SeQure Quantum, que entrega de soluciones de ciberseguridad basadas en elementos de la f\u00edsica cu\u00e1ntica. A ellos se suma&nbsp;<strong>Marcela Angulo<\/strong>, doctora en Ciencias Ambientales con m\u00e1s de veinte a\u00f1os de experiencia en innovaci\u00f3n y transferencia tecnol\u00f3gica y actual directora de la Unidad de la Universidad de Concepci\u00f3n en Santiago.<\/p>\n\n\n\n<p>La ministra de Ciencia, Tecnolog\u00eda, Conocimiento e Innovaci\u00f3n, Ais\u00e9n Etcheverry, destac\u00f3 la importancia de contar con una delegaci\u00f3n del mundo de los conocimientos en esta Gira: \u201cEs realmente una comitiva muy completa, con representantes del mundo de la investigaci\u00f3n, de la astronom\u00eda, de la divulgaci\u00f3n cient\u00edfica, de la innovaci\u00f3n, del emprendimiento cu\u00e1ntico, adem\u00e1s de dos profesores que usan la ciencia para fomentar el pensamiento cr\u00edtico en sus estudiantes. Sin duda estamos orgullosos de que la ciencia, la tecnolog\u00eda y la innovaci\u00f3n est\u00e9n, nuevamente, en la agenda presidencial\u201d, recalc\u00f3.<\/p>\n\n\n\n<p><strong>REACCIONES<\/strong><\/p>\n\n\n\n<p>\u00abEstamos felices de participar de una instancia tan importante como una Gira Presidencial. Confiamos en que esta experiencia ser\u00e1 altamente fruct\u00edfera y contribuir\u00e1 a fortalecer la posici\u00f3n de Chile como un referente global en materia de investigaci\u00f3n astron\u00f3mica\u00bb, se\u00f1al\u00f3 el presidente de la Sociedad Chilena de Astronom\u00eda (SOCHIAS), Bruno Dias.<\/p>\n\n\n\n<p>La rectora de la Universidad de Chile, Rosa Dev\u00e9s, destac\u00f3 que la gira permitir\u00e1 establecer y profundizar di\u00e1logos con centros de investigaci\u00f3n e innovaci\u00f3n para enfrentar los desaf\u00edos globales vinculados a la sustentabilidad: \u201cLa Gira servir\u00e1 como un espacio de interacci\u00f3n y conocimiento mutuo entre distintos actores de la sociedad chilena. Agradezco muy especialmente la participaci\u00f3n del Presidente en la reuni\u00f3n de la Plataforma de Cooperaci\u00f3n Acad\u00e9mica Chile-Suecia (ACCESS) que estar\u00e1 ocurriendo simult\u00e1neamente en Estocolmo. En tiempos donde el encuentro plural se presenta como un desaf\u00edo, la ciencia y la tecnolog\u00eda ofrecen una posibilidad de aportar al bien com\u00fan\u201d, agreg\u00f3.<\/p>\n\n\n\n<p>Para Teresa Paneque, recibir el llamado de Presidencia fue toda una sorpresa. Para ella, es muy motivador ser parte de una comitiva que considera a acad\u00e9micos de distintas \u00e1reas de nuestro pa\u00eds y al gremio astron\u00f3mico: \u201cSumarme a los esfuerzos y la representatividad que ofrece SOCHIAS es muy potente, y tambi\u00e9n acompa\u00f1ar al Presidente de la Rep\u00fablica en su primera visita al Observatorio Europeo Austral. All\u00ed estuve desarrollando la mayor\u00eda de mi doctorado, as\u00ed que estoy muy ilusionada y esperanzada de los avances y las discusiones que se puedan generar en el viaje\u201d, sostuvo.<\/p>\n\n\n\n<p>Desde la Escuela Rural R\u00edo Blanco, la profesora de Castellano, Paula Miranda, agradeci\u00f3 al Presidente Gabriel Boric por valorar los aprendizajes del siglo XXI en Ciencia, Tecnolog\u00eda e Innovaci\u00f3n que ella ha desarrollado en la Patagonia:&nbsp; \u201cEs un hito que una profesora con 25 a\u00f1os de servicio sea invitada a una gira internacional: Represento a muchos docentes que hacemos cosas al interior de las aulas y que nos sentimos, muchas veces, sin mayor valoraci\u00f3n social. Es un tremendo est\u00edmulo de parte de nuestra autoridad m\u00e1xima hacia el profesorado en general\u201d, opin\u00f3.&nbsp;<\/p>\n\n\n\n<p>En cuanto a las expectativas, la docente se\u00f1al\u00f3 que ser\u00e1 una tremenda oportunidad para dimensionar qu\u00e9 tan lejos est\u00e1 su metodolog\u00eda de la realidad mundial: \u201cSalir de la Patagonia al mundo realmente es un enorme salto. Queremos ver qu\u00e9 podemos aprender para replicar ac\u00e1 y tambi\u00e9n conocer m\u00e1s de este grupo de expertos de la comitiva\u201d, sostuvo.<\/p>\n\n\n\n<p>Claudio Miranda, docente del ramo \u201cCiencias para la ciudadan\u00eda\u201d del Liceo Industrial de Recoleta es un docente que innov\u00f3 en la did\u00e1ctica a trav\u00e9s de clubes cient\u00edficos escolares, para fomentar en los j\u00f3venes el pensamiento cr\u00edtico. \u201cEsta invitaci\u00f3n la recibo como un honor. Como docente en el \u00e1rea de las ciencias, el relacionarme con integrantes de la delegaci\u00f3n cient\u00edfica, compartir experiencias e intercambiar conocimientos ser\u00e1 de un tremendo valor. Por \u00faltimo, participar de los foros e instituciones que est\u00e1n en el programa para aprender nuevas tecnolog\u00edas y procedimientos y posteriormente entregar ese conocimiento a nuestros estudiantes y colegas del \u00e1rea, es una oportunidad \u00fanica\u201d, concluy\u00f3.&nbsp;<\/p>\n\n\n\n<p>Sobre la participaci\u00f3n de ambos docentes reflexion\u00f3 la ministra Ais\u00e9n Etcheverry:&nbsp; \u00abEn abril de 2023, en mi primer viaje a regiones como ministra, me toc\u00f3 visitar una escuela rural llamada R\u00edo Blanco y la visi\u00f3n de su directora me marc\u00f3. Vi ni\u00f1os imprimiendo en 3D, programando peque\u00f1os juguetes, ejercitando su capacidad de an\u00e1lisis y su pensamiento cr\u00edtico gracias a esta profesora que hab\u00eda tenido la determinaci\u00f3n de dirigir su escuela con un enfoque de habilidades para el futuro. Esa vivencia me marc\u00f3 y cuando Presidencia nos pidi\u00f3 proponer un grupo variado y representativo de distintos perfiles del mundo de los conocimientos, pensamos en Paula Miranda, su directora. Tambi\u00e9n en Claudio, que lleva un tiempo trabajando con nuestro programa escolar Explora, que promueve competencias cient\u00edficas en el aula. En un mundo que cambia cada segundo y donde las tecnolog\u00edas se desarrollan a una velocidad sin precedentes, necesitamos contar con ese pensamiento cr\u00edtico, con la habilidad de cuestionar y criticar con respeto. Eso hacen Paula y Claudio, y eso merece todo nuestro reconocimiento\u201d.<\/p>\n","protected":false},"excerpt":{"rendered":"<p>Con el tema \u201cLiderazgo Cient\u00edfico\u201d como uno de los ejes de la agenda, el viaje incluir\u00e1 una visita al European Southern Observatory (ESO) en Alemania y la participaci\u00f3n en la Plataforma de Cooperaci\u00f3n Acad\u00e9mica Chile-Suecia (ACCESS).<\/p>\n","protected":false},"author":1,"featured_media":21855,"comment_status":"closed","ping_status":"closed","sticky":false,"template":"","format":"standard","meta":{"footnotes":""},"categories":[3,2540,9],"tags":[2118,337,273,247,133],"class_list":["post-21854","post","type-post","status-publish","format-standard","has-post-thumbnail","hentry","category-al-dia","category-ciencia","category-gobierno","tag-semanariolocal","tag-informacion","tag-noticias","tag-region-de-los-lagos","tag-semanario-local"],"_links":{"self":[{"href":"https:\/\/www.semanariolocal.cl\/index.php?rest_route=\/wp\/v2\/posts\/21854","targetHints":{"allow":["GET"]}}],"collection":[{"href":"https:\/\/www.semanariolocal.cl\/index.php?rest_route=\/wp\/v2\/posts"}],"about":[{"href":"https:\/\/www.semanariolocal.cl\/index.php?rest_route=\/wp\/v2\/types\/post"}],"author":[{"embeddable":true,"href":"https:\/\/www.semanariolocal.cl\/index.php?rest_route=\/wp\/v2\/users\/1"}],"replies":[{"embeddable":true,"href":"https:\/\/www.semanariolocal.cl\/index.php?rest_route=%2Fwp%2Fv2%2Fcomments&post=21854"}],"version-history":[{"count":1,"href":"https:\/\/www.semanariolocal.cl\/index.php?rest_route=\/wp\/v2\/posts\/21854\/revisions"}],"predecessor-version":[{"id":21856,"href":"https:\/\/www.semanariolocal.cl\/index.php?rest_route=\/wp\/v2\/posts\/21854\/revisions\/21856"}],"wp:featuredmedia":[{"embeddable":true,"href":"https:\/\/www.semanariolocal.cl\/index.php?rest_route=\/wp\/v2\/media\/21855"}],"wp:attachment":[{"href":"https:\/\/www.semanariolocal.cl\/index.php?rest_route=%2Fwp%2Fv2%2Fmedia&parent=21854"}],"wp:term":[{"taxonomy":"category","embeddable":true,"href":"https:\/\/www.semanariolocal.cl\/index.php?rest_route=%2Fwp%2Fv2%2Fcategories&post=21854"},{"taxonomy":"post_tag","embeddable":true,"href":"https:\/\/www.semanariolocal.cl\/index.php?rest_route=%2Fwp%2Fv2%2Ftags&post=21854"}],"curies":[{"name":"wp","href":"https:\/\/api.w.org\/{rel}","templated":true}]}}