{"id":21851,"date":"2024-06-10T07:15:00","date_gmt":"2024-06-10T11:15:00","guid":{"rendered":"https:\/\/www.semanariolocal.cl\/?p=21851"},"modified":"2024-06-09T22:14:40","modified_gmt":"2024-06-10T02:14:40","slug":"direccion-del-trabajo-suspendio-a-285-trabajadores-por-feriado-en-malls-y-strip-center-por-primarias","status":"publish","type":"post","link":"https:\/\/www.semanariolocal.cl\/?p=21851","title":{"rendered":"Direcci\u00f3n del Trabajo suspendi\u00f3 a 285 trabajadores por feriado en malls y strip center por primarias"},"content":{"rendered":"\n<p>La Direcci\u00f3n del Trabajo (DT) suspendi\u00f3 este domingo a 285 trabajadores y trabajadoras en comunas y regiones con elecciones primarias por estar prestando servicio en malls y strip center que deb\u00edan estar cerrados.<\/p>\n\n\n\n<p>La jornada electoral de este domingo fue feriado legal y obligatorio y, por ende, malls, strip center u otros centros comerciales con una sola raz\u00f3n social o personalidad jur\u00eddica situados en las comunas y regiones con primarias deb\u00edan permanecer cerrados entre las 21 horas del s\u00e1bado 8 y hasta el lunes 10 de junio.<\/p>\n\n\n\n<p>Ese tipo de comercio que no cumpliera con la restricci\u00f3n arriesgaba multas de entre 30 y 150 UTM.<\/p>\n\n\n\n<p>En respuesta a denuncias recibidas esta jornada en su Centro de Atenci\u00f3n Laboral (CAL), la DT realiz\u00f3 39 fiscalizaciones, 18 de las cuales finalizaron con multas.<\/p>\n\n\n\n<p>En total, se aplicaron multas por $66.165.528 y se suspendieron a 285 trabajadores y trabajadoras.<\/p>\n\n\n\n<p>Las denuncias recibidas emergieron de cinco regiones: Atacama, Coquimbo, Metropolitana, O\u2019Higgins y La Araucan\u00eda.<\/p>\n\n\n\n<p>El resultado fue el siguiente:&nbsp;<\/p>\n\n\n\n<p>Regi\u00f3n Metropolitana: 26 fiscalizaciones, 271 trabajadores suspendidos y $37.488.900 en multas.<\/p>\n\n\n\n<p>Regi\u00f3n de O\u2019Higgins: 2 fiscalizaciones, 11 trabajadores suspendidos y $7.892.400 en multas.<\/p>\n\n\n\n<p>Regi\u00f3n de Coquimbo: 1 fiscalizaci\u00f3n, 3 trabajadores suspendidos y $3.946.200 en multas.<\/p>\n\n\n\n<p>Regi\u00f3n de La Araucan\u00eda: 8 fiscalizaciones y $16.838.028 en multas.<\/p>\n\n\n\n<p>Regi\u00f3n de Atacama: 2 fiscalizaciones sin multas.<\/p>\n\n\n\n<p>Hasta la hora de este informe no hab\u00eda reportes de denuncias ni sanciones a empleadores por impedir el derecho a sufragio o a cumplir tareas electorales de trabajadores y trabajadoras que deb\u00edan laborar este domingo y quer\u00edan sufragar en las elecciones primarias o hab\u00edan sido designados vocales de mesas, miembros de colegios&nbsp; escrutadores o delegados ante la Junta Electoral.<\/p>\n","protected":false},"excerpt":{"rendered":"<p>La mayor parte de las fiscalizaciones y las suspensiones tuvieron lugar en la Regi\u00f3n Metropolitana.<\/p>\n","protected":false},"author":1,"featured_media":21852,"comment_status":"closed","ping_status":"closed","sticky":false,"template":"","format":"standard","meta":{"footnotes":""},"categories":[3,9,6],"tags":[2118,337,273,3199,247,133],"class_list":["post-21851","post","type-post","status-publish","format-standard","has-post-thumbnail","hentry","category-al-dia","category-gobierno","category-politica","tag-semanariolocal","tag-informacion","tag-noticias","tag-primarias","tag-region-de-los-lagos","tag-semanario-local"],"_links":{"self":[{"href":"https:\/\/www.semanariolocal.cl\/index.php?rest_route=\/wp\/v2\/posts\/21851","targetHints":{"allow":["GET"]}}],"collection":[{"href":"https:\/\/www.semanariolocal.cl\/index.php?rest_route=\/wp\/v2\/posts"}],"about":[{"href":"https:\/\/www.semanariolocal.cl\/index.php?rest_route=\/wp\/v2\/types\/post"}],"author":[{"embeddable":true,"href":"https:\/\/www.semanariolocal.cl\/index.php?rest_route=\/wp\/v2\/users\/1"}],"replies":[{"embeddable":true,"href":"https:\/\/www.semanariolocal.cl\/index.php?rest_route=%2Fwp%2Fv2%2Fcomments&post=21851"}],"version-history":[{"count":1,"href":"https:\/\/www.semanariolocal.cl\/index.php?rest_route=\/wp\/v2\/posts\/21851\/revisions"}],"predecessor-version":[{"id":21853,"href":"https:\/\/www.semanariolocal.cl\/index.php?rest_route=\/wp\/v2\/posts\/21851\/revisions\/21853"}],"wp:featuredmedia":[{"embeddable":true,"href":"https:\/\/www.semanariolocal.cl\/index.php?rest_route=\/wp\/v2\/media\/21852"}],"wp:attachment":[{"href":"https:\/\/www.semanariolocal.cl\/index.php?rest_route=%2Fwp%2Fv2%2Fmedia&parent=21851"}],"wp:term":[{"taxonomy":"category","embeddable":true,"href":"https:\/\/www.semanariolocal.cl\/index.php?rest_route=%2Fwp%2Fv2%2Fcategories&post=21851"},{"taxonomy":"post_tag","embeddable":true,"href":"https:\/\/www.semanariolocal.cl\/index.php?rest_route=%2Fwp%2Fv2%2Ftags&post=21851"}],"curies":[{"name":"wp","href":"https:\/\/api.w.org\/{rel}","templated":true}]}}