{"id":21839,"date":"2024-06-10T06:35:00","date_gmt":"2024-06-10T10:35:00","guid":{"rendered":"https:\/\/www.semanariolocal.cl\/?p=21839"},"modified":"2024-06-09T21:33:56","modified_gmt":"2024-06-10T01:33:56","slug":"proyecto-de-ley-busca-penalizar-difusion-no-autorizada-de-videos-y-fotos-intimas","status":"publish","type":"post","link":"https:\/\/www.semanariolocal.cl\/?p=21839","title":{"rendered":"Proyecto de ley busca penalizar difusi\u00f3n no autorizada de videos y fotos \u00edntimas"},"content":{"rendered":"\n<p>Debido al aumento en la extorsi\u00f3n, especialmente dirigida a j\u00f3venes a trav\u00e9s de la divulgaci\u00f3n no autorizada de materiales \u00edntimos en plataformas como \u201cInstagram\u201d, \u201cFacebook\u201d o \u201cTik Tok\u201d, la diputada Natalia Romero, anunci\u00f3 la presentaci\u00f3n de un proyecto de ley. Esta busca concientizar sobre el da\u00f1o causado por tales acciones, y tambi\u00e9n castigar a aquellos que las perpetran.<\/p>\n\n\n\n<p>Para la legisladora, el foco principal del proyecto es \u201cproteger la dignidad de las personas\u201d y prevenir da\u00f1os f\u00edsicos y psicol\u00f3gicos a quienes son blanco de tales extorsiones\u201d.<\/p>\n\n\n\n<p>\u00abEn la era actual, la tecnolog\u00eda nos expone constantemente a situaciones como estas, que lamentablemente pueden llevar al suicidio\u00bb, argument\u00f3 la parlamentaria.<\/p>\n\n\n\n<p>Romero lamenta que \u00ablas nuevas plataformas digitales y redes sociales pueden hacer que, en cuesti\u00f3n de minutos, un video llegue a millones de personas. Esto se convierte en un problema grave cuando el material es de naturaleza \u00edntima y no cuenta con el consentimiento de las partes involucradas\u00bb.<\/p>\n\n\n\n<p>Seg\u00fan la Brigada del Cibercrimen, mientras que en 2017 se reportaron 39 denuncias a nivel nacional por extorsi\u00f3n de este tipo, en lo que va de 2018 la cifra asciende a 76, un aumento del 300 %. Hasta la fecha actual, las cifras han crecido de forma exponencial.<\/p>\n\n\n\n<p>En ese sentido, la propuesta legal contempla penas de reclusi\u00f3n menor en su grado medio a m\u00e1ximo, as\u00ed como multas de hasta 1.000 Unidades Tributarias Mensuales para quienes cometan esta \u201cinvasi\u00f3n a la intimidad y dignidad personal\u201d.<\/p>\n\n\n\n<p>\u00abAsimismo, se aplicar\u00e1n estas mismas penas a los administradores de sitios web que no eliminen de forma inmediata el contenido de esta naturaleza publicado en sus plataformas, ya que no podemos permitir que se vulnere la dignidad de las personas\u00bb, dijo Romero.<\/p>\n\n\n\n<p>\u00abEs imperativo legislar sobre este tema con prontitud, por lo que insto al Ejecutivo a respaldar el proyecto de ley que presentar\u00e9 pronto y a asignarle la urgencia que merece\u00bb, concluy\u00f3 la diputada Natalia Romero.<\/p>\n","protected":false},"excerpt":{"rendered":"<p>La parlamentaria advierte sobre el incremento exponencial de estos actos entre j\u00f3venes, quienes a menudo llegan al extremo de quitarse la vida.<\/p>\n","protected":false},"author":1,"featured_media":21840,"comment_status":"closed","ping_status":"closed","sticky":false,"template":"","format":"standard","meta":{"footnotes":""},"categories":[3,2496,6],"tags":[3193,2571,273,192,1137,247,133],"class_list":["post-21839","post","type-post","status-publish","format-standard","has-post-thumbnail","hentry","category-al-dia","category-nacional","category-politica","tag-derechos","tag-diputada-natalia-romero","tag-noticias","tag-politica","tag-privacidad","tag-region-de-los-lagos","tag-semanario-local"],"_links":{"self":[{"href":"https:\/\/www.semanariolocal.cl\/index.php?rest_route=\/wp\/v2\/posts\/21839","targetHints":{"allow":["GET"]}}],"collection":[{"href":"https:\/\/www.semanariolocal.cl\/index.php?rest_route=\/wp\/v2\/posts"}],"about":[{"href":"https:\/\/www.semanariolocal.cl\/index.php?rest_route=\/wp\/v2\/types\/post"}],"author":[{"embeddable":true,"href":"https:\/\/www.semanariolocal.cl\/index.php?rest_route=\/wp\/v2\/users\/1"}],"replies":[{"embeddable":true,"href":"https:\/\/www.semanariolocal.cl\/index.php?rest_route=%2Fwp%2Fv2%2Fcomments&post=21839"}],"version-history":[{"count":1,"href":"https:\/\/www.semanariolocal.cl\/index.php?rest_route=\/wp\/v2\/posts\/21839\/revisions"}],"predecessor-version":[{"id":21841,"href":"https:\/\/www.semanariolocal.cl\/index.php?rest_route=\/wp\/v2\/posts\/21839\/revisions\/21841"}],"wp:featuredmedia":[{"embeddable":true,"href":"https:\/\/www.semanariolocal.cl\/index.php?rest_route=\/wp\/v2\/media\/21840"}],"wp:attachment":[{"href":"https:\/\/www.semanariolocal.cl\/index.php?rest_route=%2Fwp%2Fv2%2Fmedia&parent=21839"}],"wp:term":[{"taxonomy":"category","embeddable":true,"href":"https:\/\/www.semanariolocal.cl\/index.php?rest_route=%2Fwp%2Fv2%2Fcategories&post=21839"},{"taxonomy":"post_tag","embeddable":true,"href":"https:\/\/www.semanariolocal.cl\/index.php?rest_route=%2Fwp%2Fv2%2Ftags&post=21839"}],"curies":[{"name":"wp","href":"https:\/\/api.w.org\/{rel}","templated":true}]}}