{"id":21829,"date":"2024-06-09T07:15:00","date_gmt":"2024-06-09T11:15:00","guid":{"rendered":"https:\/\/www.semanariolocal.cl\/?p=21829"},"modified":"2024-06-08T21:47:36","modified_gmt":"2024-06-09T01:47:36","slug":"educacion-parvularia-como-factor-protector-del-acoso-escolar","status":"publish","type":"post","link":"https:\/\/www.semanariolocal.cl\/?p=21829","title":{"rendered":"Educaci\u00f3n Parvularia como factor protector del acoso escolar\u00a0"},"content":{"rendered":"\n<p>En una \u00e9poca donde los casos de acoso escolar van en aumento, es importante reiterar la importancia de que las ni\u00f1as y ni\u00f1os asistan a educaci\u00f3n parvularia como un espacio de desarrollo de habilidades tan importantes como la empat\u00eda, el respeto, la tolerancia a la frustraci\u00f3n, cooperaci\u00f3n y tantas m\u00e1s.<\/p>\n\n\n\n<p>Hoy, Chile se encuentra entre los 30 pa\u00edses con mayor registro de denuncias por acoso escolar en el mundo y debemos abordar con fuerza esta problem\u00e1tica.<\/p>\n\n\n\n<p>Para ello, los primeros a\u00f1os son fundamentales porque es en este momento de vida donde son m\u00e1s receptivos a aprender y adoptar estas habilidades, lo que puede influir positivamente en su comportamiento futuro.<\/p>\n\n\n\n<p>Esto, junto al fortalecimiento de las experiencias de relacionamiento entre pares, en ambientes caracterizados por un clima positivo y enriquecido de interacciones de calidad, permitir\u00e1 establecer una base s\u00f3lida de habilidades socioemocionales, valores y comportamientos positivos que pueden prevenir la aparici\u00f3n del acoso escolar en etapas posteriores.<\/p>\n\n\n\n<p>Mar\u00eda Virginia L\u00f3pez &#8211; Psic\u00f3loga &#8211; Fundaci\u00f3n Educacional Oportunidad<\/p>\n","protected":false},"excerpt":{"rendered":"<p>Hoy, Chile se encuentra entre los 30 pa\u00edses con mayor registro de denuncias por acoso escolar en el mundo y debemos abordar con fuerza esta problem\u00e1tica.<\/p>\n","protected":false},"author":1,"featured_media":21830,"comment_status":"closed","ping_status":"closed","sticky":false,"template":"","format":"standard","meta":{"footnotes":""},"categories":[3,11,7],"tags":[2118,2793,337,3189,273,1093,3190,247,133],"class_list":["post-21829","post","type-post","status-publish","format-standard","has-post-thumbnail","hentry","category-al-dia","category-educacion","category-opinion","tag-semanariolocal","tag-educacion-parvularia","tag-informacion","tag-maria-virginia-lopez","tag-noticias","tag-opinion-2","tag-psicologa","tag-region-de-los-lagos","tag-semanario-local"],"_links":{"self":[{"href":"https:\/\/www.semanariolocal.cl\/index.php?rest_route=\/wp\/v2\/posts\/21829","targetHints":{"allow":["GET"]}}],"collection":[{"href":"https:\/\/www.semanariolocal.cl\/index.php?rest_route=\/wp\/v2\/posts"}],"about":[{"href":"https:\/\/www.semanariolocal.cl\/index.php?rest_route=\/wp\/v2\/types\/post"}],"author":[{"embeddable":true,"href":"https:\/\/www.semanariolocal.cl\/index.php?rest_route=\/wp\/v2\/users\/1"}],"replies":[{"embeddable":true,"href":"https:\/\/www.semanariolocal.cl\/index.php?rest_route=%2Fwp%2Fv2%2Fcomments&post=21829"}],"version-history":[{"count":1,"href":"https:\/\/www.semanariolocal.cl\/index.php?rest_route=\/wp\/v2\/posts\/21829\/revisions"}],"predecessor-version":[{"id":21831,"href":"https:\/\/www.semanariolocal.cl\/index.php?rest_route=\/wp\/v2\/posts\/21829\/revisions\/21831"}],"wp:featuredmedia":[{"embeddable":true,"href":"https:\/\/www.semanariolocal.cl\/index.php?rest_route=\/wp\/v2\/media\/21830"}],"wp:attachment":[{"href":"https:\/\/www.semanariolocal.cl\/index.php?rest_route=%2Fwp%2Fv2%2Fmedia&parent=21829"}],"wp:term":[{"taxonomy":"category","embeddable":true,"href":"https:\/\/www.semanariolocal.cl\/index.php?rest_route=%2Fwp%2Fv2%2Fcategories&post=21829"},{"taxonomy":"post_tag","embeddable":true,"href":"https:\/\/www.semanariolocal.cl\/index.php?rest_route=%2Fwp%2Fv2%2Ftags&post=21829"}],"curies":[{"name":"wp","href":"https:\/\/api.w.org\/{rel}","templated":true}]}}