{"id":21470,"date":"2024-05-26T08:30:00","date_gmt":"2024-05-26T12:30:00","guid":{"rendered":"https:\/\/www.semanariolocal.cl\/?p=21470"},"modified":"2024-05-26T00:20:27","modified_gmt":"2024-05-26T04:20:27","slug":"80-anos-80-millones","status":"publish","type":"post","link":"https:\/\/www.semanariolocal.cl\/?p=21470","title":{"rendered":"80 A\u00f1os, 80 Millones"},"content":{"rendered":"\n<p>La destrucci\u00f3n de la Hospeder\u00eda Mixta del Hogar de Cristo en Castro hace tres meses fue un duro golpe para nuestra comunidad. Si bien las 22 personas que perdieron su refugio temporalmente han podido regresar, la hospeder\u00eda a\u00fan est\u00e1 lejos de estar completamente operativa.<\/p>\n\n\n\n<p>Este no es un simple problema log\u00edstico; es un dilema moral. Chilo\u00e9 enfrenta un invierno que, sin haber llegado, ya cobra vidas. Tres personas en situaci\u00f3n de calle han muerto en Los Lagos debido al fr\u00edo. \u00bfVamos a permitir que una tragedia engendre otra?<\/p>\n\n\n\n<p>El Ministerio de Desarrollo Social est\u00e1 intensificando sus esfuerzos para establecer albergues en las tres comunas principales de la isla. Nosotros, siguiendo nuestro compromiso hist\u00f3rico, nos hemos unido a esta iniciativa. Sin embargo, este a\u00f1o enfrentamos retos adicionales: a\u00fan estamos recuper\u00e1ndonos del incendio que devast\u00f3 nuestra Hospeder\u00eda. A pesar de los avances, el edificio a\u00fan no alcanza los est\u00e1ndares de calidad necesarios para atender adecuadamente a las personas m\u00e1s vulnerables.<\/p>\n\n\n\n<p>Como Hogar de Cristo, celebramos este a\u00f1o nuestro 80 aniversario, una coyuntura que coincide ir\u00f3nicamente con la necesidad de 80 millones de pesos para financiar nuestra hospeder\u00eda. Esto no es solo un juego de cifras; es un recordatorio de cu\u00e1n lejos estamos del Chile justo y solidario que so\u00f1aba Alberto Hurtado.<\/p>\n\n\n\n<p>Entonces, hagamos como \u00e9l hac\u00eda: transformemos una crisis en un acto de solidaridad concreta, convirtamos la necesidad en una afirmaci\u00f3n de nuestros valores m\u00e1s profundos. No es demasiado tarde; unidos, nuestra comunidad puede y debe demostrar que el legado del Padre Hurtado sigue vivo en nuestras acciones y decisiones.<\/p>\n\n\n\n<p><strong>Antonio Cort\u00e9s, jefe social territorial de Hogar de Cristo en Chilo\u00e9.<\/strong><\/p>\n","protected":false},"excerpt":{"rendered":"<p>Este no es un simple problema log\u00edstico; es un dilema moral. Chilo\u00e9 enfrenta un invierno que, sin haber llegado, ya cobra vidas.  <\/p>\n","protected":false},"author":1,"featured_media":21472,"comment_status":"closed","ping_status":"closed","sticky":false,"template":"","format":"standard","meta":{"footnotes":""},"categories":[3],"tags":[2118,3135,441,1194,337,273,3134,247,133],"class_list":["post-21470","post","type-post","status-publish","format-standard","has-post-thumbnail","hentry","category-al-dia","tag-semanariolocal","tag-antonio-cortes","tag-chiloe","tag-hogar-de-cristo","tag-informacion","tag-noticias","tag-opinio","tag-region-de-los-lagos","tag-semanario-local"],"_links":{"self":[{"href":"https:\/\/www.semanariolocal.cl\/index.php?rest_route=\/wp\/v2\/posts\/21470","targetHints":{"allow":["GET"]}}],"collection":[{"href":"https:\/\/www.semanariolocal.cl\/index.php?rest_route=\/wp\/v2\/posts"}],"about":[{"href":"https:\/\/www.semanariolocal.cl\/index.php?rest_route=\/wp\/v2\/types\/post"}],"author":[{"embeddable":true,"href":"https:\/\/www.semanariolocal.cl\/index.php?rest_route=\/wp\/v2\/users\/1"}],"replies":[{"embeddable":true,"href":"https:\/\/www.semanariolocal.cl\/index.php?rest_route=%2Fwp%2Fv2%2Fcomments&post=21470"}],"version-history":[{"count":3,"href":"https:\/\/www.semanariolocal.cl\/index.php?rest_route=\/wp\/v2\/posts\/21470\/revisions"}],"predecessor-version":[{"id":21475,"href":"https:\/\/www.semanariolocal.cl\/index.php?rest_route=\/wp\/v2\/posts\/21470\/revisions\/21475"}],"wp:featuredmedia":[{"embeddable":true,"href":"https:\/\/www.semanariolocal.cl\/index.php?rest_route=\/wp\/v2\/media\/21472"}],"wp:attachment":[{"href":"https:\/\/www.semanariolocal.cl\/index.php?rest_route=%2Fwp%2Fv2%2Fmedia&parent=21470"}],"wp:term":[{"taxonomy":"category","embeddable":true,"href":"https:\/\/www.semanariolocal.cl\/index.php?rest_route=%2Fwp%2Fv2%2Fcategories&post=21470"},{"taxonomy":"post_tag","embeddable":true,"href":"https:\/\/www.semanariolocal.cl\/index.php?rest_route=%2Fwp%2Fv2%2Ftags&post=21470"}],"curies":[{"name":"wp","href":"https:\/\/api.w.org\/{rel}","templated":true}]}}