{"id":21464,"date":"2024-05-26T09:00:00","date_gmt":"2024-05-26T13:00:00","guid":{"rendered":"https:\/\/www.semanariolocal.cl\/?p=21464"},"modified":"2024-05-25T23:55:44","modified_gmt":"2024-05-26T03:55:44","slug":"los-trastornos-de-personalidad-como-afectan-a-las-personas","status":"publish","type":"post","link":"https:\/\/www.semanariolocal.cl\/?p=21464","title":{"rendered":"Los trastornos de personalidad: \u00bfc\u00f3mo afectan a las personas?"},"content":{"rendered":"\n<p>Los distintos estudios realizados en psicolog\u00eda y psiquiatr\u00eda, se\u00f1alan que los <strong>\u201ctrastornos de la personalidad\u201d<\/strong> corresponden a un grupo de afecciones mentales, en las cuales, <strong>una \u201cpersona presenta un patr\u00f3n prolongado de comportamientos, emociones y pensamientos que resultan ser muy diferente y poco concordantes con las expectativas propias de la cultura a la que pertenece el sujeto\u201d<\/strong>. Seg\u00fan el estudio que uno analice, estos trastornos los sufrir\u00eda alrededor del 10 % de la poblaci\u00f3n.<\/p>\n\n\n\n<p>Estas conductas interfieren \u2013en ocasiones seriamente\u2013 con la capacidad de la gente para desempe\u00f1arse en forma adecuada en sus relaciones interpersonales, en el trabajo y en otros contextos. Son sujetos impulsivos que atraviesan estados de \u00e1nimo depresivos, ansiosos o angustiosos y que pueden caer en el consumo de alcohol, drogas o tranquilizantes de un momento a otro, ya que estas sustancias les permiten aliviar sus s\u00edntomas. De hecho, alrededor del 50% de los adictos tiene un trastorno de personalidad.<\/p>\n\n\n\n<p>Las causas son desconocidas, si bien, \u201c<strong>las investigaciones indican que esta conducta anormal combina factores de origen gen\u00e9tico y factores ambientales\u201d<\/strong>. Algunos de estos trastornos son m\u00e1s llamativos que otros, y van desde el soci\u00f3pata que es portada de la noticia policial, pasando por la <strong>\u201coveja negra\u201d<\/strong> de la familia \u2013que no le trabaja un peso a nadie\u2013, hasta el fan\u00e1tico del computador que se a\u00edsla y que pasa todo el d\u00eda pegado a la pantalla, sin relacionarse con nadie, sin molestar a otros, pero tambi\u00e9n sin poder madurar. Todos ellos mantienen una dif\u00edcil convivencia con los dem\u00e1s, ya que algunos de ellos presentan conductas autodestructivas, les cuesta mantenerse estables en un trabajo o en una relaci\u00f3n de pareja y muchos pueden llegar a tener graves problemas con la justicia.<\/p>\n\n\n\n<p>La actual sociedad se ha convertido en una \u201c<strong>sociedad consumista y hedonista, es decir, una sociedad donde existe la tendencia a buscar el bienestar y el placer inmediato\u201d<\/strong>. Este tipo de sociedad, lo que hace es crear sujetos centrados en s\u00ed mismos, inmaduros, con tendencia al consumo de alcohol y drogas, impulsivos, autodestructivos, agresivos y con serios problemas para acatar las normas sociales y de respeto hacia los dem\u00e1s.<\/p>\n\n\n\n<p>Los expertos en salud mental han identificado y clasificado estos trastornos en el \u201c<strong>Manual de Diagn\u00f3stico y Estad\u00edstico de los Trastornos Mentales\u201d <\/strong>(DSM-V)en los siguientes tipos:<\/p>\n\n\n\n<ol class=\"wp-block-list\" start=\"1\">\n<li><strong>El trastorno paranoide de la personalidad<\/strong>: corresponde a un patr\u00f3n donde prima la desconfianza injustificada y la suspicacia, lo que conduce al sujeto a que interprete de manera maliciosa y equivocada las intenciones de los dem\u00e1s.<\/li>\n\n\n\n<li><strong>El trastorno antisocial de la personalidad<\/strong>: es un patr\u00f3n de conducta donde prevalece la violencia, el desprecio y la violaci\u00f3n de los derechos de los dem\u00e1s.<\/li>\n\n\n\n<li><strong>El trastorno esquizoide de la personalidad<\/strong>: es un patr\u00f3n de desconexi\u00f3n de las relaciones sociales, son sujetos fr\u00edos y distantes en su expresi\u00f3n emocional. Son vistas como personas solitarias y que no disfrutan de las relaciones cercanas.<\/li>\n\n\n\n<li><strong>El trastorno esquizot\u00edpico<\/strong> <strong>de la personalidad<\/strong>: corresponde a un patr\u00f3n de malestar muy intenso en las relaciones interpersonales, distorsiones cognoscitivas o perceptivas, as\u00ed como tambi\u00e9n de excentricidades del comportamiento.<\/li>\n\n\n\n<li><strong>El trastorno l\u00edmite de personalidad<\/strong>: es un patr\u00f3n donde prevalece una inestabilidad en las relaciones interpersonales, la autoimagen y los afectos, al mismo tiempo que existe una b\u00fasqueda constante de atenci\u00f3n y gran impulsividad. Son sujetos propensos a intentos de suicidio o amenazas de hacerlo.<\/li>\n\n\n\n<li><strong>El trastorno obsesivo-compulsivo de la personalidad<\/strong>: corresponde a un patr\u00f3n de marcada preocupaci\u00f3n por el orden, el perfeccionismo y el control sobre las cosas.<\/li>\n\n\n\n<li><strong>El trastorno histri\u00f3nico de personalidad<\/strong>: es un patr\u00f3n de emotividad excesiva, mucho dramatismo, con estados emocionales muy cambiantes y de mucha demanda de atenci\u00f3n por parte de los dem\u00e1s.<\/li>\n\n\n\n<li><strong>El trastorno narcisista de personalidad<\/strong>: corresponde a un patr\u00f3n de grandiosidad, de necesidad constante de admiraci\u00f3n, indiferente a los sentimientos de los otros, intolerancia a la cr\u00edtica y falta de empat\u00eda hacia los dem\u00e1s.<\/li>\n\n\n\n<li><strong>El trastorno de personalidad por evitaci\u00f3n<\/strong>: es un patr\u00f3n de inhibici\u00f3n social, timidez extrema, temen hacer el rid\u00edculo o parecer tontos ante los otros, con sentimientos de incompetencia e hipersensibilidad a la evaluaci\u00f3n negativa.<\/li>\n\n\n\n<li>\u00a0<strong>El trastorno de la personalidad por dependencia<\/strong>: es un patr\u00f3n de comportamiento sumiso y pegajoso, relacionado con una excesiva necesidad de ser cuidado y protegido.<\/li>\n<\/ol>\n\n\n\n<p>De ah\u00ed que se diga que detr\u00e1s de un trastorno de la personalidad se esconde un \u201c<strong>patr\u00f3n permanente e inflexible de experiencia interna y de comportamientos que se apartan acusadamente de las expectativas de la cultura del individuo\u201d<\/strong>.<\/p>\n\n\n\n<p>Un trastorno de personalidad tiene su inicio en la adolescencia o principios de la edad adulta, permanece estable a lo largo del tiempo e implica un malestar y\/o perjuicios graves para la persona. En este sentido, los <strong>\u201crasgos de personalidad\u201d<\/strong> representan patrones persistentes en la forma de percibir, relacionarse y pensar acerca del entorno que rodea al individuo y acerca de uno mismo, aspectos que se ponen de manifiesto en una amplia gama de contextos sociales y personales. Estos rasgos s\u00f3lo constituyen \u201c<strong>trastornos de la personalidad\u201d <\/strong>cuando son: <strong>(a) inflexibles, (b) desadaptativos, (c) causan un deterioro funcional significativo o un claro malestar subjetivo<\/strong>.<\/p>\n\n\n\n<p>Los estudios indican que las personas nacen con una predisposici\u00f3n gen\u00e9tica que afecta al neurotransmisor serotonina, el cual, es fundamental para controlar los impulsos, la agresividad y las tendencias suicidas. A esto, se suman factores ambientales detonantes, como el hecho de tener padres en extremo violentos y maltratadores, o bien, en el otro extremo, es decir, padres&nbsp; muy complacientes.<\/p>\n\n\n\n<p>Y si a lo anterior sumamos factores tales como vivir en ambientes donde prima la violencia, la droga y el alcohol, la agresividad, el abuso, etc., entonces resulta muy dif\u00edcil quebrar un c\u00edrculo vicioso que se alimenta a s\u00ed mismo.<\/p>\n\n\n\n<p><strong>Dr. Franco Lotito C. \u2013 <a href=\"http:\/\/www.aurigaservicios.cl\">www.aurigaservicios.cl<\/a> &#8211; Conferencista, escritor e investigador (PUC)<\/strong><\/p>\n","protected":false},"excerpt":{"rendered":"<p>\u201cCuanto m\u00e1s te conoces a ti mismo, m\u00e1s paciencia tienes para lo que ves en los dem\u00e1s\u201d (Dr. Erik Erikson, psic\u00f3logo y psicoanalista de origen alem\u00e1n).<\/p>\n","protected":false},"author":1,"featured_media":21465,"comment_status":"closed","ping_status":"closed","sticky":false,"template":"","format":"standard","meta":{"footnotes":""},"categories":[3,7],"tags":[2118,824,2825,823,337,825,273,571,247,133],"class_list":["post-21464","post","type-post","status-publish","format-standard","has-post-thumbnail","hentry","category-al-dia","category-opinion","tag-semanariolocal","tag-academico","tag-autoayuda","tag-franco-lotito-catino","tag-informacion","tag-investigador","tag-noticias","tag-psicologia","tag-region-de-los-lagos","tag-semanario-local"],"_links":{"self":[{"href":"https:\/\/www.semanariolocal.cl\/index.php?rest_route=\/wp\/v2\/posts\/21464","targetHints":{"allow":["GET"]}}],"collection":[{"href":"https:\/\/www.semanariolocal.cl\/index.php?rest_route=\/wp\/v2\/posts"}],"about":[{"href":"https:\/\/www.semanariolocal.cl\/index.php?rest_route=\/wp\/v2\/types\/post"}],"author":[{"embeddable":true,"href":"https:\/\/www.semanariolocal.cl\/index.php?rest_route=\/wp\/v2\/users\/1"}],"replies":[{"embeddable":true,"href":"https:\/\/www.semanariolocal.cl\/index.php?rest_route=%2Fwp%2Fv2%2Fcomments&post=21464"}],"version-history":[{"count":1,"href":"https:\/\/www.semanariolocal.cl\/index.php?rest_route=\/wp\/v2\/posts\/21464\/revisions"}],"predecessor-version":[{"id":21466,"href":"https:\/\/www.semanariolocal.cl\/index.php?rest_route=\/wp\/v2\/posts\/21464\/revisions\/21466"}],"wp:featuredmedia":[{"embeddable":true,"href":"https:\/\/www.semanariolocal.cl\/index.php?rest_route=\/wp\/v2\/media\/21465"}],"wp:attachment":[{"href":"https:\/\/www.semanariolocal.cl\/index.php?rest_route=%2Fwp%2Fv2%2Fmedia&parent=21464"}],"wp:term":[{"taxonomy":"category","embeddable":true,"href":"https:\/\/www.semanariolocal.cl\/index.php?rest_route=%2Fwp%2Fv2%2Fcategories&post=21464"},{"taxonomy":"post_tag","embeddable":true,"href":"https:\/\/www.semanariolocal.cl\/index.php?rest_route=%2Fwp%2Fv2%2Ftags&post=21464"}],"curies":[{"name":"wp","href":"https:\/\/api.w.org\/{rel}","templated":true}]}}