{"id":21460,"date":"2024-05-25T08:00:00","date_gmt":"2024-05-25T12:00:00","guid":{"rendered":"https:\/\/www.semanariolocal.cl\/?p=21460"},"modified":"2024-05-25T23:17:39","modified_gmt":"2024-05-26T03:17:39","slug":"lanzan-libro-con-consejos-y-reflexiones-sobre-gobernanza-de-la-empresa-familiar","status":"publish","type":"post","link":"https:\/\/www.semanariolocal.cl\/?p=21460","title":{"rendered":"Lanzan libro con consejos y reflexiones sobre gobernanza de la empresa familiar"},"content":{"rendered":"\n<p>Los temas que inquietan a las empresas familiares y que juegan un papel clave para su trascendencia en el tiempo, son los protagonistas del nuevo libro de la Asociaci\u00f3n de Empresas Familiares (AEF) \u201cFamilia empresaria: ser y trascender. Claves para una gobernanza empresarial y familiar efectiva\u201d. Una obra co escrita por Magdalena D\u00edaz Le- Fort, gerenta general de la AEF, y por el consultor en empresas familiares y acad\u00e9mico de la Pontificia Universidad Cat\u00f3lica de Chile, Gonzalo Jim\u00e9nez Seminario, que recoge las \u00faltimas tendencias en este \u00e1mbito y que, a trav\u00e9s de ejemplos pr\u00e1cticos, invita a las familias a examinarse orient\u00e1ndolas en la toma de decisiones.<\/p>\n\n\n\n<p>\u201cLas empresas familiares son un motor de la econom\u00eda del pa\u00eds, pues representan m\u00e1s del 70% de las compa\u00f1\u00edas en Chile y responden por gran parte de los empleos. Por su naturaleza enfrentan desaf\u00edos \u00fanicos como muertes inesperadas del fundador o fundadora, la necesidad de atraer a las nuevas generaciones o conflictos que pueden poner en riesgo la sobrevivencia de la firma en el tiempo. Como AEF concebimos este libro para orientar no s\u00f3lo a nuestros socios, sino a las familias empresarias chilenas a prepararse y prever estos retos\u201d, explica Arturo Palma Matetic, presidente de la Asociaci\u00f3n, organizaci\u00f3n que re\u00fane a las principales familias empresarias del pa\u00eds.<\/p>\n\n\n\n<p>El texto -que tom\u00f3 tres a\u00f1os de preparaci\u00f3n- fue lanzado en un evento que congreg\u00f3 a los&nbsp; directores de la AEF: Claudia F\u00fcrst, Pilar Zabala, Maurizio Pancorvo y el propio Palma, a un centenar de socios y a las nuevas familias que acaban de incorporarse a la Asociaci\u00f3n: Alarc\u00f3n, Antillo, Fern\u00e1ndez G., Guti\u00e9rrez Poblete, K\u00fcllmer, Manzur, Marambio, Pavez, Pinto, Quiroga, Romero, Rosselot, Traverso, Villarroel y Zumar\u00e1n.<\/p>\n\n\n\n<p>\u201cEste libro nace con la idea de acompa\u00f1ar a las familias empresarias en los procesos que viven, como la sucesi\u00f3n, la incorporaci\u00f3n de las nuevas generaciones y generar espacios de conversaci\u00f3n efectivos en materia de gobernanza familiar y empresarial. Es una obra que combina casos experienciales con las \u00faltimas tendencias de la academia, mezclando tradici\u00f3n e innovaci\u00f3n\u201d, comenta Magdalena D\u00edaz Le-Fort.<\/p>\n\n\n\n<p><strong>Nuevas generaciones y family office<\/strong><\/p>\n\n\n\n<p>En sus casi 200 p\u00e1ginas, la obra aborda temas claves y de inter\u00e9s para las familias empresarias, como la sucesi\u00f3n estrat\u00e9gica y c\u00f3mo proceder ante estos procesos, a partir de las preguntas que deben formularse cuando se enfrentan a ellos y la creaci\u00f3n de instancias como el consejo familiar. El family office es otras de las materias que considera desde la mirada sobre c\u00f3mo convertirlo en un veh\u00edculo que trascienda al manejo patrimonial y contribuya a la uni\u00f3n familiar, aportando interrogantes que permiten guiar la creaci\u00f3n de esta instancia.<\/p>\n\n\n\n<p>El c\u00f3mo involucrar a las nuevas generaciones para que la familia empresaria trascienda en el tiempo le da contenido a otro cap\u00edtulo, el cual profundiza en la importancia de la construcci\u00f3n de espacios de encuentro entre los que pasan la posta y quienes la reciben, con foco en los roles que pueden asumir estos \u00faltimos en la empresa familiar. El gobierno corporativo y el gobierno familiar, su dise\u00f1o, funciones y estructura, son aspectos que, dada su relevancia, tambi\u00e9n considera el libro.<\/p>\n\n\n\n<figure class=\"wp-block-image size-full\"><img loading=\"lazy\" decoding=\"async\" width=\"1000\" height=\"600\" src=\"https:\/\/www.semanariolocal.cl\/wp-content\/uploads\/2024\/05\/gobernanza2.jpg\" alt=\"\" class=\"wp-image-21462\" srcset=\"https:\/\/www.semanariolocal.cl\/wp-content\/uploads\/2024\/05\/gobernanza2.jpg 1000w, https:\/\/www.semanariolocal.cl\/wp-content\/uploads\/2024\/05\/gobernanza2-300x180.jpg 300w, https:\/\/www.semanariolocal.cl\/wp-content\/uploads\/2024\/05\/gobernanza2-768x461.jpg 768w\" sizes=\"auto, (max-width: 1000px) 100vw, 1000px\" \/><\/figure>\n","protected":false},"excerpt":{"rendered":"<p>\u201cFamilia empresaria: ser y trascender. Claves para una gobernanza empresarial y familiar efectiva\u201d es el nombre de la obra que desde una perspectiva vivencial y acad\u00e9mica aborda temas claves para las familias empresarias, entre ellos el involucramiento de las nuevas generaciones, elaboraci\u00f3n de protocolos familiares, organizaci\u00f3n del consejo de familia y estructuraci\u00f3n del family office, entre otros.<\/p>\n","protected":false},"author":1,"featured_media":21461,"comment_status":"closed","ping_status":"closed","sticky":false,"template":"","format":"standard","meta":{"footnotes":""},"categories":[3,11,2483],"tags":[2118,2825,2921,337,3132,273,247,133],"class_list":["post-21460","post","type-post","status-publish","format-standard","has-post-thumbnail","hentry","category-al-dia","category-educacion","category-region","tag-semanariolocal","tag-autoayuda","tag-familia","tag-informacion","tag-libro","tag-noticias","tag-region-de-los-lagos","tag-semanario-local"],"_links":{"self":[{"href":"https:\/\/www.semanariolocal.cl\/index.php?rest_route=\/wp\/v2\/posts\/21460","targetHints":{"allow":["GET"]}}],"collection":[{"href":"https:\/\/www.semanariolocal.cl\/index.php?rest_route=\/wp\/v2\/posts"}],"about":[{"href":"https:\/\/www.semanariolocal.cl\/index.php?rest_route=\/wp\/v2\/types\/post"}],"author":[{"embeddable":true,"href":"https:\/\/www.semanariolocal.cl\/index.php?rest_route=\/wp\/v2\/users\/1"}],"replies":[{"embeddable":true,"href":"https:\/\/www.semanariolocal.cl\/index.php?rest_route=%2Fwp%2Fv2%2Fcomments&post=21460"}],"version-history":[{"count":1,"href":"https:\/\/www.semanariolocal.cl\/index.php?rest_route=\/wp\/v2\/posts\/21460\/revisions"}],"predecessor-version":[{"id":21463,"href":"https:\/\/www.semanariolocal.cl\/index.php?rest_route=\/wp\/v2\/posts\/21460\/revisions\/21463"}],"wp:featuredmedia":[{"embeddable":true,"href":"https:\/\/www.semanariolocal.cl\/index.php?rest_route=\/wp\/v2\/media\/21461"}],"wp:attachment":[{"href":"https:\/\/www.semanariolocal.cl\/index.php?rest_route=%2Fwp%2Fv2%2Fmedia&parent=21460"}],"wp:term":[{"taxonomy":"category","embeddable":true,"href":"https:\/\/www.semanariolocal.cl\/index.php?rest_route=%2Fwp%2Fv2%2Fcategories&post=21460"},{"taxonomy":"post_tag","embeddable":true,"href":"https:\/\/www.semanariolocal.cl\/index.php?rest_route=%2Fwp%2Fv2%2Ftags&post=21460"}],"curies":[{"name":"wp","href":"https:\/\/api.w.org\/{rel}","templated":true}]}}