{"id":21454,"date":"2024-05-25T09:40:00","date_gmt":"2024-05-25T13:40:00","guid":{"rendered":"https:\/\/www.semanariolocal.cl\/?p=21454"},"modified":"2024-05-25T23:02:59","modified_gmt":"2024-05-26T03:02:59","slug":"junaeb-llama-a-estudiantes-a-revalidar-su-tne","status":"publish","type":"post","link":"https:\/\/www.semanariolocal.cl\/?p=21454","title":{"rendered":"JUNAEB llama a estudiantes a revalidar su TNE"},"content":{"rendered":"\n<p>A contar del 1 de junio, los estudiantes de educaci\u00f3n b\u00e1sica, media y superior, que no hayan actualizado su tarjeta, deber\u00e1n pagar pasaje completo en el transporte p\u00fablico. Por lo que el llamado de la directora regional de JUNAEB, Adriana Maldonado, es a acercarse a los m\u00f3dulos de revalidaci\u00f3n y solicitar el nuevo sello.<\/p>\n\n\n\n<p><em>\u201cHacemos un llamado, pero tambi\u00e9n una invitaci\u00f3n a todos los estudiantes y las estudiantes tanto de B\u00e1sica, Media y Superior a revalidar su Tarjeta Nacional Estudiantil. No se olviden que solamente tenemos plazo hasta el d\u00eda 31 de mayo\u201d,<\/em> dijo Maldonado y agreg\u00f3 que para efectuar el tr\u00e1mite <em>\u201cdeben llevar c\u00e9dula de identidad y la tarjeta del a\u00f1o anterior. As\u00ed que los estamos esperando, es importante porque es un beneficio que les permite a muchas ni\u00f1as y ni\u00f1os poder tener tarifa rebajada y, en algunos casos, tarifa gratuita. As\u00ed que la invitaci\u00f3n est\u00e1 hecha\u201d,<\/em> reiter\u00f3.<\/p>\n\n\n\n<p>La TNE permite el traslado liberado o rebajado de los viajes de los estudiantes de todos los niveles; de lunes a domingo, en cualquiera de los medios de transporte p\u00fablico de pasajeros, las 24 horas del d\u00eda, durante todo el a\u00f1o y en todo Chile.<\/p>\n\n\n\n<p>Entonces\u2026 \u00bfd\u00f3nde se puede revalidar para no perder el beneficio?<\/p>\n\n\n\n<p>En las oficinas TNE ubicadas en Benavente 952 (esquina Manuel Rodr\u00edguez), Puerto Montt; Leonardo Da Vinci 1621, Osorno, y en Eleuterio Ram\u00edrez 415, Castro; que atienden de lunes a viernes de 09:00 a 13:00 y de 14:00 a 16:00 horas.<\/p>\n\n\n\n<p>Adem\u00e1s, el pr\u00f3ximo lunes 27 de mayo, se realizar\u00e1 un evento masivo de revalidaci\u00f3n en la Corporaci\u00f3n Cultural de Osorno, ubicada en Matta 556, de 09:00 a 17:00 hrs.<\/p>\n\n\n\n<p>Para m\u00e1s detalles, direcciones, fechas y horarios, puede ingresar a <a href=\"http:\/\/www.junaeb.cl\">www.junaeb.cl<\/a> o seguir en Facebook, Instagram y X, la cuenta oficial @junaebloslagos.<\/p>\n","protected":false},"excerpt":{"rendered":"<p>Queda solo una semana para revalidar la Tarjeta Nacional Estudiantil, m\u00e1s conocida como \u201cTNE\u201d o \u201cpase escolar\u201d, porque el pr\u00f3ximo 31 de mayo, vence el plazo para efectuar el tr\u00e1mite de cambio de sello, por el del 2024.<\/p>\n","protected":false},"author":1,"featured_media":21455,"comment_status":"closed","ping_status":"closed","sticky":false,"template":"","format":"standard","meta":{"footnotes":""},"categories":[3,11,9],"tags":[2118,337,3130,273,247,133,3131],"class_list":["post-21454","post","type-post","status-publish","format-standard","has-post-thumbnail","hentry","category-al-dia","category-educacion","category-gobierno","tag-semanariolocal","tag-informacion","tag-juaneb","tag-noticias","tag-region-de-los-lagos","tag-semanario-local","tag-tne"],"_links":{"self":[{"href":"https:\/\/www.semanariolocal.cl\/index.php?rest_route=\/wp\/v2\/posts\/21454","targetHints":{"allow":["GET"]}}],"collection":[{"href":"https:\/\/www.semanariolocal.cl\/index.php?rest_route=\/wp\/v2\/posts"}],"about":[{"href":"https:\/\/www.semanariolocal.cl\/index.php?rest_route=\/wp\/v2\/types\/post"}],"author":[{"embeddable":true,"href":"https:\/\/www.semanariolocal.cl\/index.php?rest_route=\/wp\/v2\/users\/1"}],"replies":[{"embeddable":true,"href":"https:\/\/www.semanariolocal.cl\/index.php?rest_route=%2Fwp%2Fv2%2Fcomments&post=21454"}],"version-history":[{"count":1,"href":"https:\/\/www.semanariolocal.cl\/index.php?rest_route=\/wp\/v2\/posts\/21454\/revisions"}],"predecessor-version":[{"id":21456,"href":"https:\/\/www.semanariolocal.cl\/index.php?rest_route=\/wp\/v2\/posts\/21454\/revisions\/21456"}],"wp:featuredmedia":[{"embeddable":true,"href":"https:\/\/www.semanariolocal.cl\/index.php?rest_route=\/wp\/v2\/media\/21455"}],"wp:attachment":[{"href":"https:\/\/www.semanariolocal.cl\/index.php?rest_route=%2Fwp%2Fv2%2Fmedia&parent=21454"}],"wp:term":[{"taxonomy":"category","embeddable":true,"href":"https:\/\/www.semanariolocal.cl\/index.php?rest_route=%2Fwp%2Fv2%2Fcategories&post=21454"},{"taxonomy":"post_tag","embeddable":true,"href":"https:\/\/www.semanariolocal.cl\/index.php?rest_route=%2Fwp%2Fv2%2Ftags&post=21454"}],"curies":[{"name":"wp","href":"https:\/\/api.w.org\/{rel}","templated":true}]}}