{"id":21423,"date":"2024-05-24T06:40:00","date_gmt":"2024-05-24T10:40:00","guid":{"rendered":"https:\/\/www.semanariolocal.cl\/?p=21423"},"modified":"2024-05-23T23:17:46","modified_gmt":"2024-05-24T03:17:46","slug":"dos-precandidatas-a-gobernadora-regional-debatiran-sobre-barreras-de-genero","status":"publish","type":"post","link":"https:\/\/www.semanariolocal.cl\/?p=21423","title":{"rendered":"Dos Precandidatas a Gobernadora Regional debatir\u00e1n sobre Barreras de G\u00e9nero"},"content":{"rendered":"\n<p>La Universidad de Los Lagos ser\u00e1 el escenario de una importante jornada donde las precandidatas a Gobernadora Regional de Los Lagos, Andrea Tarzijan y Patricia Rada, compartir\u00e1n sus experiencias y propuestas en torno a las barreras de g\u00e9nero en la pol\u00edtica local. Este evento se realizar\u00e1 este viernes 24 de mayo a partir de las 11 horas en el Aula Magna del Campus Puerto Montt y forma parte del lanzamiento del proyecto de investigaci\u00f3n \u00abPercepciones en Contraste: Identificando Barreras y Obst\u00e1culos de G\u00e9nero seg\u00fan hombres y mujeres de la pol\u00edtica local en la regi\u00f3n de Los Lagos\u00bb, cargo de la acad\u00e9mica de la carrera de Ciencias Pol\u00edticas y Administrativas, Javiera Ulloa.<\/p>\n\n\n\n<p>La ex presidenta regional de UDI, Andrea Tarzijan, y la Consejera Regional de Los Lagos, Patricia Rada (Frente Amplio), abordar\u00e1n las principales barreras que enfrentan las mujeres en sus trayectorias pol\u00edticas a nivel local, as\u00ed como las medidas necesarias para superarlas, sobre si existe un real apoyo de sus respectivos partidos pol\u00edticos y de sus colegas varones, as\u00ed que como el rol de los medios de comunicaci\u00f3n. Esta discusi\u00f3n ofrece una oportunidad \u00fanica para escuchar a dos figuras clave del panorama pol\u00edtico regional y entender los desaf\u00edos y soluciones desde diferentes perspectivas partidarias.<\/p>\n\n\n\n<p>Adem\u00e1s de las intervenciones de Tarzijan y Rada, el evento contar\u00e1 con una charla magistral de la Dra. Julieta Su\u00e1rez Cao, acad\u00e9mica de la Pontificia Universidad Cat\u00f3lica de Chile, titulada \u00abLa paridad en el proceso constitucional chileno 2021-2023\u00bb. La Dra. Su\u00e1rez Cao ofrecer\u00e1 un an\u00e1lisis profundo sobre el papel de la paridad de g\u00e9nero en el reciente proceso constitucional chileno, aportando una visi\u00f3n acad\u00e9mica y cr\u00edtica que complementar\u00e1 las discusiones pr\u00e1cticas de las precandidatas.<\/p>\n\n\n\n<p>El objetivo de la investigaci\u00f3n es analizar las experiencias de discriminaci\u00f3n y sesgos que enfrentan las mujeres pol\u00edticas a nivel regional, as\u00ed como las percepciones y actitudes de sus colegas varones respecto a estas barreras y hacia la igualdad de g\u00e9nero. Con este fin, se aplicar\u00e1 una encuesta y entrevistas cualitativas a una muestra de quienes ejercen cargos de elecci\u00f3n popular y que fueron electas (os) durante el a\u00f1o 2021. \u00abNuestro estudio se enfoca en una tem\u00e1tica fundamental y poco explorada: las experiencias de discriminaci\u00f3n y sesgos que enfrentan las mujeres en la pol\u00edtica a nivel regional, pero especialmente analizar las percepciones y actitudes de sus colegas varones hacia estas barreras y hacia la igualdad de g\u00e9nero. A trav\u00e9s de esta investigaci\u00f3n buscamos tambi\u00e9n analizar c\u00f3mo los hombres en pol\u00edtica a nivel regional perciben el feminismo, la igualdad de g\u00e9nero y otras cuestiones relacionadas\u201d, enfatiz\u00f3 la investigadora principal, Javiera Ulloa.<\/p>\n","protected":false},"excerpt":{"rendered":"<p>La Universidad de Los Lagos acoger\u00e1 una jornada clave donde Andrea Tarzijan y Patricia Rada debatir\u00e1n sobre las barreras de g\u00e9nero en la pol\u00edtica regional, en el marco del proyecto \u00abPercepciones en Contraste\u00bb liderado por Javiera Ulloa. El evento incluir\u00e1 una charla de la Dra. Julieta Su\u00e1rez Cao sobre la paridad de g\u00e9nero. <\/p>\n","protected":false},"author":1,"featured_media":15715,"comment_status":"closed","ping_status":"closed","sticky":false,"template":"","format":"standard","meta":{"footnotes":""},"categories":[3,11,6,2483],"tags":[2118,3125,337,273,872,247,133,297],"class_list":["post-21423","post","type-post","status-publish","format-standard","has-post-thumbnail","hentry","category-al-dia","category-educacion","category-politica","category-region","tag-semanariolocal","tag-debate","tag-informacion","tag-noticias","tag-region","tag-region-de-los-lagos","tag-semanario-local","tag-universidad-de-los-lagos"],"_links":{"self":[{"href":"https:\/\/www.semanariolocal.cl\/index.php?rest_route=\/wp\/v2\/posts\/21423","targetHints":{"allow":["GET"]}}],"collection":[{"href":"https:\/\/www.semanariolocal.cl\/index.php?rest_route=\/wp\/v2\/posts"}],"about":[{"href":"https:\/\/www.semanariolocal.cl\/index.php?rest_route=\/wp\/v2\/types\/post"}],"author":[{"embeddable":true,"href":"https:\/\/www.semanariolocal.cl\/index.php?rest_route=\/wp\/v2\/users\/1"}],"replies":[{"embeddable":true,"href":"https:\/\/www.semanariolocal.cl\/index.php?rest_route=%2Fwp%2Fv2%2Fcomments&post=21423"}],"version-history":[{"count":1,"href":"https:\/\/www.semanariolocal.cl\/index.php?rest_route=\/wp\/v2\/posts\/21423\/revisions"}],"predecessor-version":[{"id":21424,"href":"https:\/\/www.semanariolocal.cl\/index.php?rest_route=\/wp\/v2\/posts\/21423\/revisions\/21424"}],"wp:featuredmedia":[{"embeddable":true,"href":"https:\/\/www.semanariolocal.cl\/index.php?rest_route=\/wp\/v2\/media\/15715"}],"wp:attachment":[{"href":"https:\/\/www.semanariolocal.cl\/index.php?rest_route=%2Fwp%2Fv2%2Fmedia&parent=21423"}],"wp:term":[{"taxonomy":"category","embeddable":true,"href":"https:\/\/www.semanariolocal.cl\/index.php?rest_route=%2Fwp%2Fv2%2Fcategories&post=21423"},{"taxonomy":"post_tag","embeddable":true,"href":"https:\/\/www.semanariolocal.cl\/index.php?rest_route=%2Fwp%2Fv2%2Ftags&post=21423"}],"curies":[{"name":"wp","href":"https:\/\/api.w.org\/{rel}","templated":true}]}}