{"id":21349,"date":"2024-05-21T08:30:00","date_gmt":"2024-05-21T12:30:00","guid":{"rendered":"https:\/\/www.semanariolocal.cl\/?p=21349"},"modified":"2024-05-21T23:18:17","modified_gmt":"2024-05-22T03:18:17","slug":"fundacion-iglesias-de-chiloe-celebra-dia-del-patrimonios-con-diversas-actividades","status":"publish","type":"post","link":"https:\/\/www.semanariolocal.cl\/?p=21349","title":{"rendered":"Fundaci\u00f3n Iglesias de Chilo\u00e9 celebra D\u00eda del Patrimonios con diversas actividades"},"content":{"rendered":"\n<p>Durante la jornada habr\u00e1 charlas, talleres pr\u00e1cticos, recorridos con historias y venta de productos art\u00edsticos locales, de esta manera se pueden disfrutar en familia de esta fecha tan importante a nivel nacional.<\/p>\n\n\n\n<p>El programa se inicia con una funci\u00f3n audiovisual en formato videomapping de las Iglesias de Chilo\u00e9 con una duraci\u00f3n de 30 minutos a la que los asistentes se pueden inscribir de manera previa en las redes sociales de la Fundaci\u00f3n.<\/p>\n\n\n\n<p>Luego se dar\u00e1 paso a un recorrido&nbsp; guiado del Museo de las Iglesias, que incluye la inauguraci\u00f3n de una muestra de retablos de las Iglesias Patrimonio Mundial. Tambi\u00e9n se podr\u00e1n estampar prendas en un taller de introducci\u00f3n a la serigraf\u00eda, a cargo del \u201cCarrito Itinerarte\u201d.<\/p>\n\n\n\n<p>En esta oportunidad, se realizar\u00e1 tambi\u00e9n una charla magistral de Alfonso Valdebenito con el tema \u201cImaginer\u00eda Chilota: Legado Universal de una creaci\u00f3n art\u00edstica comunitaria\u201d, para luego dar paso a un Laboratorio de Carpinter\u00eda Tradicional, a cargo del experto patrimonial y Maestro Mayor&nbsp; Jos\u00e9 Luis Catal\u00e1n. La jornada finalizar\u00e1 con un recorrido nocturno por el ex Convento&nbsp; de la Inmaculada Concepci\u00f3n, que data de 1875. Est\u00e1s dos \u00faltimas iniciativas, se enmarcan en las actividades de lanzamiento del Festival Ensambla Chilo\u00e9 que se realizar\u00e1 durante el pr\u00f3ximo mes de octubre.<\/p>\n\n\n\n<p>Natalia Cruz, directora de la Fundaci\u00f3n de las Iglesias, dijo que, \u201cen el D\u00eda del Patrimonio, el Museo de las Iglesias, est\u00e1 invitando a toda la comunidad a una jornada dedicada especialmente a la cultura de la madera. Abriremos las puertas del ex Convento Inmaculada Concepci\u00f3n de Ancud -constru\u00eddo en 1875-, para jugar y experimentar en talleres pr\u00e1cticos y charlas dise\u00f1adas para todas las edades. Adem\u00e1s, durante este d\u00eda se har\u00e1 el lanzamiento oficial del Festival Ensambla Chilo\u00e9, a realizarse en octubre de 2024 en este mismo lugar. Este festival busca celebrar la tradici\u00f3n de la carpinter\u00eda chilota y plantear estrategias para la conservaci\u00f3n sostenible del patrimonio local. As\u00ed que esperamos nos puedan acompa\u00f1ar\u201d, indic\u00f3 la directora.<\/p>\n\n\n\n<p>En tanto Jos\u00e9 Catal\u00e1n, se\u00f1al\u00f3 que, \u201cTodos los que quieran participar de esta actividad est\u00e1n invitados, ser\u00e1 m\u00e1s que nada aplicando conocimiento de la madera, del mismo objeto del mismo artilugio que se utiliz\u00f3 y se sigue utilizando en nuestras casas, nuestras bodegas, que eran nuestras cerraduras habituales que ten\u00edamos, estamos hablando del candado chilote; aparte de eso vamos a mostrar algunos ensambles, tambi\u00e9n para ver c\u00f3mo eran los sistemas constructivos, la idea es ir mostrando todo lo que est\u00e1 relacionado con la madera\u201d,preciso Catal\u00e1n.<\/p>\n\n\n\n<p>Todas las actividades se van a realizar en dependencias del Museo de las Iglesias de Chilo\u00e9, ubicado en calle Err\u00e1zuriz 227 Ancud, son gratuitas y abiertas a la comunidad. Mayores informaciones se pueden obtener en las redes sociales de la Fundaci\u00f3n.<\/p>\n","protected":false},"excerpt":{"rendered":"<p>Este pr\u00f3ximo s\u00e1bado  25 de mayo la Fundaci\u00f3n de las Iglesias de Chilo\u00e9, desarrollar\u00e1 una serie de actividades en el marco del  D\u00eda de los Patrimonios Culturales, la iniciativa se llevar\u00e1 a cabo  en el Museo Iglesias de Chilo\u00e9, ubicado en el ex Convento de la Inmaculada Concepci\u00f3n de Ancud, a partir de las 11 y hasta las 20 horas.<\/p>\n","protected":false},"author":1,"featured_media":21350,"comment_status":"closed","ping_status":"closed","sticky":false,"template":"","format":"standard","meta":{"footnotes":""},"categories":[3,10,2483],"tags":[2118,441,3098,337,273,247,133],"class_list":["post-21349","post","type-post","status-publish","format-standard","has-post-thumbnail","hentry","category-al-dia","category-cultura","category-region","tag-semanariolocal","tag-chiloe","tag-iglesias-de-chiloe","tag-informacion","tag-noticias","tag-region-de-los-lagos","tag-semanario-local"],"_links":{"self":[{"href":"https:\/\/www.semanariolocal.cl\/index.php?rest_route=\/wp\/v2\/posts\/21349","targetHints":{"allow":["GET"]}}],"collection":[{"href":"https:\/\/www.semanariolocal.cl\/index.php?rest_route=\/wp\/v2\/posts"}],"about":[{"href":"https:\/\/www.semanariolocal.cl\/index.php?rest_route=\/wp\/v2\/types\/post"}],"author":[{"embeddable":true,"href":"https:\/\/www.semanariolocal.cl\/index.php?rest_route=\/wp\/v2\/users\/1"}],"replies":[{"embeddable":true,"href":"https:\/\/www.semanariolocal.cl\/index.php?rest_route=%2Fwp%2Fv2%2Fcomments&post=21349"}],"version-history":[{"count":1,"href":"https:\/\/www.semanariolocal.cl\/index.php?rest_route=\/wp\/v2\/posts\/21349\/revisions"}],"predecessor-version":[{"id":21351,"href":"https:\/\/www.semanariolocal.cl\/index.php?rest_route=\/wp\/v2\/posts\/21349\/revisions\/21351"}],"wp:featuredmedia":[{"embeddable":true,"href":"https:\/\/www.semanariolocal.cl\/index.php?rest_route=\/wp\/v2\/media\/21350"}],"wp:attachment":[{"href":"https:\/\/www.semanariolocal.cl\/index.php?rest_route=%2Fwp%2Fv2%2Fmedia&parent=21349"}],"wp:term":[{"taxonomy":"category","embeddable":true,"href":"https:\/\/www.semanariolocal.cl\/index.php?rest_route=%2Fwp%2Fv2%2Fcategories&post=21349"},{"taxonomy":"post_tag","embeddable":true,"href":"https:\/\/www.semanariolocal.cl\/index.php?rest_route=%2Fwp%2Fv2%2Ftags&post=21349"}],"curies":[{"name":"wp","href":"https:\/\/api.w.org\/{rel}","templated":true}]}}