{"id":21170,"date":"2024-05-13T17:30:38","date_gmt":"2024-05-13T21:30:38","guid":{"rendered":"https:\/\/www.semanariolocal.cl\/?p=21170"},"modified":"2024-05-13T17:32:15","modified_gmt":"2024-05-13T21:32:15","slug":"hospital-base-osorno-conmemora-semana-del-parto","status":"publish","type":"post","link":"https:\/\/www.semanariolocal.cl\/?p=21170","title":{"rendered":"Hospital Base Osorno conmemora semana del parto"},"content":{"rendered":"\n<p>S\u00f3lo el a\u00f1o pasado se asistieron en el Hospital Base San Jos\u00e9 Osorno, 1692 partos de gestantes provenientes de toda la Provincia de Osorno, incluidas comunas vecinas de la Regi\u00f3n de Los R\u00edos y de Los Lagos, como La Uni\u00f3n, R\u00edo Bueno y Frutillar.&nbsp;<\/p>\n\n\n\n<p>Este a\u00f1o, la semana del Parto Respetado, celebrada a nivel mundial, tiene como lema \u201cLas mujeres deciden por una atenci\u00f3n flexible y basada en la vivencia\u201d, as\u00ed lo confirma Francisca Gallardo Monsalve, Matrona cl\u00ednica del Hospital Base y representante del \u201cComit\u00e9 de Buenas Pr\u00e1cticas en salud sexual y reproductiva\u201d del establecimiento.&nbsp; quien di\u00f3 \u00e9nfasis en que el comit\u00e9 es un \u201cequipo multidisciplinario compuesto principalmente por matronas pero tambi\u00e9n lo componen psic\u00f3logos, asistentes sociales, Tens y nos enfocamos en mejorar las experiencias de las usuarias durante la hospitalizaci\u00f3n, desarrollamos estrategias para la concientizaci\u00f3n, educaci\u00f3n e implementaci\u00f3n de pr\u00e1cticas \u00e9ticas y respetuosas en salud sexual y reproductiva, garantizando un entorno de atenci\u00f3n integral, seguro, digno y con enfoque de derecho y g\u00e9nero\u201d.<\/p>\n\n\n\n<p>El parto respetado es un modelo personalizado que busca que las intervenciones sean las m\u00ednimas necesarias (No medicalizado), que se use tecnolog\u00eda apropiada basada en evidencia, tomando en cuenta la toma de decisi\u00f3n de las mujeres, con pertinencia cultural y regionalizado con una red articulada eficiente para la referencia. Un trabajo multidisciplinario, centrado en las familias, siempre respetando la privacidad, dignidad y confidencialidad.&nbsp;<\/p>\n\n\n\n<p><strong>Derechos de las gestantes<\/strong><\/p>\n\n\n<div class=\"wp-block-image\">\n<figure class=\"alignleft size-large is-resized\"><img loading=\"lazy\" decoding=\"async\" width=\"450\" height=\"600\" src=\"https:\/\/www.semanariolocal.cl\/wp-content\/uploads\/2024\/05\/IMG-20240510-WA0060-450x600.jpg\" alt=\"\" class=\"wp-image-21173\" style=\"width:365px;height:auto\" srcset=\"https:\/\/www.semanariolocal.cl\/wp-content\/uploads\/2024\/05\/IMG-20240510-WA0060-450x600.jpg 450w, https:\/\/www.semanariolocal.cl\/wp-content\/uploads\/2024\/05\/IMG-20240510-WA0060-225x300.jpg 225w, https:\/\/www.semanariolocal.cl\/wp-content\/uploads\/2024\/05\/IMG-20240510-WA0060-768x1024.jpg 768w, https:\/\/www.semanariolocal.cl\/wp-content\/uploads\/2024\/05\/IMG-20240510-WA0060.jpg 960w\" sizes=\"auto, (max-width: 450px) 100vw, 450px\" \/><\/figure>\n<\/div>\n\n\n<p>\u201cToda usuaria que va a tener un parto normal o a una ces\u00e1rea electiva o de urgencia tiene derecho al acompa\u00f1amiento continuo del padre o de una persona significativa durante todo trabajo de parto y del parto. El parto se atiende en una sala integral donde la gestante est\u00e1 s\u00f3lo con su acompa\u00f1ante, por lo tanto hace que la experiencia sea tambi\u00e9n m\u00e1s \u00edntima y el acompa\u00f1amiento continuo es una de las formas que tenemos de mejorar la experiencia del usuario. Adem\u00e1s tenemos el apego piel con piel del reci\u00e9n nacido con su madre, el que se realiza durante una a dos horas post nacimiento, en este caso el beb\u00e9 no se mueve de la piel de su madre a no ser que el reci\u00e9n nacido requiera de una atenci\u00f3n especial\u201d. Argument\u00f3 la especialista.\u00a0<\/p>\n\n\n\n<p>Otras t\u00e9cnicas que el Hospital est\u00e1 utilizando para el manejo del dolor no farmacol\u00f3gico son: uso de bal\u00f3n, duchas con agua caliente, aroma terapia o guatero de semillas, del mismo modo para el momento del parto la usuaria puede decidir la posici\u00f3n en la que quiere parir, favoreciendo el movimiento durante el trabajo de parto.&nbsp;<\/p>\n\n\n\n<p>Finalmente Francisca Gallardo asegur\u00f3 que \u201cen el establecimiento se hacen visitas guiadas a usuarias que ya est\u00e1n en el tercer trimestre del embarazo, para que conozcan junto a un acompa\u00f1ante el hospital, y hay una matrona que las acompa\u00f1a a conocer desde la urgencia maternal, el pre parto la unidad de reci\u00e9n nacido y luego conocer el sector de hospitalizados. En esa visita, todas las usuarias tienen la opci\u00f3n de realizar un plan de parto\u201d.&nbsp;<\/p>\n\n\n\n<p>Para consultas o dudas comunicarse con Fernanda Rogel, Matrona del programa Chile Crece Contigo y quien realiza las visitas guiadas en el hospital a los n\u00famero 931385285, 978843661 o al correo&nbsp;<a href=\"mailto:plandepartohbo@gmail.com\" target=\"_blank\" rel=\"noreferrer noopener\">plandepartohbo@gmail.com<\/a>&nbsp;<\/p>\n","protected":false},"excerpt":{"rendered":"<p>La actividad que se conmemora  a nivel mundial, tiene como lema \u201cLas mujeres deciden por una atenci\u00f3n flexible y basada en la vivencia\u201d<\/p>\n","protected":false},"author":1,"featured_media":21171,"comment_status":"closed","ping_status":"closed","sticky":false,"template":"","format":"standard","meta":{"footnotes":""},"categories":[3,8,2484],"tags":[2118,3072,1024,337,273,132,247,56,133],"class_list":["post-21170","post","type-post","status-publish","format-standard","has-post-thumbnail","hentry","category-al-dia","category-comunas","category-salud","tag-semanariolocal","tag-derechos-del-gestante","tag-hospital-base-san-jose-osorno","tag-informacion","tag-noticias","tag-osorno","tag-region-de-los-lagos","tag-salud","tag-semanario-local"],"_links":{"self":[{"href":"https:\/\/www.semanariolocal.cl\/index.php?rest_route=\/wp\/v2\/posts\/21170","targetHints":{"allow":["GET"]}}],"collection":[{"href":"https:\/\/www.semanariolocal.cl\/index.php?rest_route=\/wp\/v2\/posts"}],"about":[{"href":"https:\/\/www.semanariolocal.cl\/index.php?rest_route=\/wp\/v2\/types\/post"}],"author":[{"embeddable":true,"href":"https:\/\/www.semanariolocal.cl\/index.php?rest_route=\/wp\/v2\/users\/1"}],"replies":[{"embeddable":true,"href":"https:\/\/www.semanariolocal.cl\/index.php?rest_route=%2Fwp%2Fv2%2Fcomments&post=21170"}],"version-history":[{"count":2,"href":"https:\/\/www.semanariolocal.cl\/index.php?rest_route=\/wp\/v2\/posts\/21170\/revisions"}],"predecessor-version":[{"id":21174,"href":"https:\/\/www.semanariolocal.cl\/index.php?rest_route=\/wp\/v2\/posts\/21170\/revisions\/21174"}],"wp:featuredmedia":[{"embeddable":true,"href":"https:\/\/www.semanariolocal.cl\/index.php?rest_route=\/wp\/v2\/media\/21171"}],"wp:attachment":[{"href":"https:\/\/www.semanariolocal.cl\/index.php?rest_route=%2Fwp%2Fv2%2Fmedia&parent=21170"}],"wp:term":[{"taxonomy":"category","embeddable":true,"href":"https:\/\/www.semanariolocal.cl\/index.php?rest_route=%2Fwp%2Fv2%2Fcategories&post=21170"},{"taxonomy":"post_tag","embeddable":true,"href":"https:\/\/www.semanariolocal.cl\/index.php?rest_route=%2Fwp%2Fv2%2Ftags&post=21170"}],"curies":[{"name":"wp","href":"https:\/\/api.w.org\/{rel}","templated":true}]}}