{"id":21167,"date":"2024-05-13T17:18:35","date_gmt":"2024-05-13T21:18:35","guid":{"rendered":"https:\/\/www.semanariolocal.cl\/?p=21167"},"modified":"2024-05-13T17:18:36","modified_gmt":"2024-05-13T21:18:36","slug":"sso-y-deprov-osorno-firman-convenio-para-promover-entornos-saludables","status":"publish","type":"post","link":"https:\/\/www.semanariolocal.cl\/?p=21167","title":{"rendered":"SSO y Deprov Osorno firman convenio para promover entornos saludables"},"content":{"rendered":"\n<p>El Servicio de Salud Osorno (SSO) y el Departamento Provincial de Educaci\u00f3n, firmaron un convenio de colaboraci\u00f3n a trav\u00e9s de sus respectivas autoridades, cuyo prop\u00f3sito es impulsar estrategias y acciones coordinadas que promuevan el desarrollo de entornos educativos saludables en el ciclo de vida infanto-juvenil, con \u00e9nfasis en la prevenci\u00f3n de salud desde temprana edad, entre otras materias de cooperaci\u00f3n relacionadas.<\/p>\n\n\n\n<p>Fue en la Direcci\u00f3n del SSO donde recientemente se concret\u00f3 la firma de este convenio, cuya alianza busca desarrollar un trabajo intersectorial conjunto y coordinado en los establecimientos de educaci\u00f3n, para lo cual se identificaron las siguientes tem\u00e1ticas de inter\u00e9s com\u00fan: desarrollo infantil y adolescente, factores protectores ambientales y psicosociales, convivencia escolar, alimentaci\u00f3n saludable, actividad f\u00edsica, salud bucal, salud sexual y reproductiva, entre otras.<\/p>\n\n\n\n<p>La iniciativa surge en el marco del trabajo de la comisi\u00f3n mixta salud-educaci\u00f3n, cuya instancia busca coordinar, favorecer y facilitar a nivel provincial las actividades desarrolladas por las respectivas comunas en los establecimientos educacionales, con el objeto de implementar acciones tendientes a mejorar la calidad de vida de los ni\u00f1os, ni\u00f1as y adolescentes y de sus familias.<\/p>\n\n\n\n<p>En ese sentido, esta estrategia colaborativa busca tambi\u00e9n centrar su trabajo en coordinaci\u00f3n con el Consejo Consultivo de Adolescentes y J\u00f3venes, definiendo distintos criterios de enfoque, as\u00ed como con el programa de acompa\u00f1amiento de identidad de g\u00e9nero, Ley TEA, entre otros \u00e1mbitos de acci\u00f3n.&nbsp;<\/p>\n\n\n\n<p>Al respecto, el Jefe Provincial de Educaci\u00f3n, Giovani Aravena, coment\u00f3 que \u201cestamos muy esperanzados y tambi\u00e9n muy contentos de llevar a efecto este convenio con el Servicio de Salud de Osorno, pues nos va a permitir encontrar una alianza muy importante para nosotros como Ministerio de Educaci\u00f3n y tambi\u00e9n en lo que es la prevenci\u00f3n, y llevar a efecto una serie de programas tambi\u00e9n que queremos ejecutar y desarrollar en las comunidades educativas\u201d.<\/p>\n\n\n\n<p>Por su parte, el Director del SSO, Rodrigo Alarc\u00f3n, enfatiz\u00f3 que&nbsp;\u201cel convenio con la Provincial de Educaci\u00f3n, lo que hace es fortalecer los v\u00ednculos, porque al final al centro de esta alianza est\u00e1n los estudiantes, quienes tienen necesidades escolares, necesidades sanitarias, necesidades emocionales y necesidades alimentarias. Entonces, es m\u00e1s eficiente que todos en conjunto nos reunamos alrededor de los estudiantes, con los recursos que cada uno tiene, para lograr objetivos que muchas veces son comunes\u201d, recalcando la importancia de la prevenci\u00f3n a trav\u00e9s de \u00e1mbitos como alimentaci\u00f3n, actividad f\u00edsica, vacunaci\u00f3n y diagn\u00f3stico precoz, entre otros.&nbsp;<\/p>\n","protected":false},"excerpt":{"rendered":"<p>La alianza colaborativa busca impulsar acciones coordinadas con \u00e9nfasis en la prevenci\u00f3n de salud desde temprana edad.<\/p>\n","protected":false},"author":1,"featured_media":21168,"comment_status":"closed","ping_status":"closed","sticky":false,"template":"","format":"standard","meta":{"footnotes":""},"categories":[3,11,9,2484],"tags":[2118,89,77,3071,3070,337,273,132,247,3053,56,133,894],"class_list":["post-21167","post","type-post","status-publish","format-standard","has-post-thumbnail","hentry","category-al-dia","category-educacion","category-gobierno","category-salud","tag-semanariolocal","tag-direccion-provincial-de-educacion","tag-educacion","tag-entorno-saludable","tag-giovanni-aravena","tag-informacion","tag-noticias","tag-osorno","tag-region-de-los-lagos","tag-rodrigo-alarcon-quesem","tag-salud","tag-semanario-local","tag-servicio-salud-osorno"],"_links":{"self":[{"href":"https:\/\/www.semanariolocal.cl\/index.php?rest_route=\/wp\/v2\/posts\/21167","targetHints":{"allow":["GET"]}}],"collection":[{"href":"https:\/\/www.semanariolocal.cl\/index.php?rest_route=\/wp\/v2\/posts"}],"about":[{"href":"https:\/\/www.semanariolocal.cl\/index.php?rest_route=\/wp\/v2\/types\/post"}],"author":[{"embeddable":true,"href":"https:\/\/www.semanariolocal.cl\/index.php?rest_route=\/wp\/v2\/users\/1"}],"replies":[{"embeddable":true,"href":"https:\/\/www.semanariolocal.cl\/index.php?rest_route=%2Fwp%2Fv2%2Fcomments&post=21167"}],"version-history":[{"count":1,"href":"https:\/\/www.semanariolocal.cl\/index.php?rest_route=\/wp\/v2\/posts\/21167\/revisions"}],"predecessor-version":[{"id":21169,"href":"https:\/\/www.semanariolocal.cl\/index.php?rest_route=\/wp\/v2\/posts\/21167\/revisions\/21169"}],"wp:featuredmedia":[{"embeddable":true,"href":"https:\/\/www.semanariolocal.cl\/index.php?rest_route=\/wp\/v2\/media\/21168"}],"wp:attachment":[{"href":"https:\/\/www.semanariolocal.cl\/index.php?rest_route=%2Fwp%2Fv2%2Fmedia&parent=21167"}],"wp:term":[{"taxonomy":"category","embeddable":true,"href":"https:\/\/www.semanariolocal.cl\/index.php?rest_route=%2Fwp%2Fv2%2Fcategories&post=21167"},{"taxonomy":"post_tag","embeddable":true,"href":"https:\/\/www.semanariolocal.cl\/index.php?rest_route=%2Fwp%2Fv2%2Ftags&post=21167"}],"curies":[{"name":"wp","href":"https:\/\/api.w.org\/{rel}","templated":true}]}}