{"id":21141,"date":"2024-05-11T07:25:00","date_gmt":"2024-05-11T11:25:00","guid":{"rendered":"https:\/\/www.semanariolocal.cl\/?p=21141"},"modified":"2024-05-12T00:29:02","modified_gmt":"2024-05-12T04:29:02","slug":"conocer-la-vocacion-productiva-de-un-territorio-es-clave-para-incidir-en-su-desarrollo","status":"publish","type":"post","link":"https:\/\/www.semanariolocal.cl\/?p=21141","title":{"rendered":"Conocer la vocaci\u00f3n productiva de un territorio es clave para incidir en su desarrollo"},"content":{"rendered":"\n<p>Conocer y entender el concepto de vocaci\u00f3n productiva, qu\u00e9 es y c\u00f3mo representa a cada territorio es fundamental para incidir en su propio desarrollo econ\u00f3mico y para establecer las m\u00e1s adecuadas interrelaciones con otros centros y territorios. As\u00ed lo explica el proyecto que lideran la Universidad Austral de Chile y la Universidad de Los Lagos&nbsp;<em>\u201cFactores Territoriales de Localizaci\u00f3n y Especializaci\u00f3n como Motores del Desarrollo\u201d<\/em>&nbsp;que ha focalizado su trabajo en los macroterritorios del Norte Chico y en la Patagonia Chilena.<\/p>\n\n\n\n<p>Esta iniciativa, financiada por la Agencia Nacional de Investigaci\u00f3n y Desarrollo (proyecto Fondecyt 1221173), explica que la Vocaci\u00f3n Productiva de un territorio, representa la identidad productiva que nace del v\u00ednculo e interrelaci\u00f3n entre variables productivas, laborales, empresas ya establecidas, emprendimientos y especializaci\u00f3n relativa; adem\u00e1s, en este concepto, importa mucho la interacci\u00f3n que existe entre los territorios que motivan estas interrelaciones.<\/p>\n\n\n\n<p>Seg\u00fan explica&nbsp;<strong>el director del proyecto, acad\u00e9mico del Instituto de Gesti\u00f3n e Industria de la Uach, Sergio Soza-Amigo<\/strong>, la Vocaci\u00f3n Productiva de un territorio no tiene que ver \u00fanica y exclusivamente con una determina producci\u00f3n o contribuci\u00f3n del PIB a la econom\u00eda (como usualmente se podr\u00eda concebir). El concepto, que si bien incluye el PIB, va m\u00e1s all\u00e1, porque en la Vocaci\u00f3n Productiva de un territorio, se identifican las relaciones de las actividades econ\u00f3micas que se desarrollan con las estructuras laborales, y con las dem\u00e1s regiones, ciudades, o poblados, que conforman los territorios.<\/p>\n\n\n\n<p>\u201c<em>La investigaci\u00f3n y los resultados preliminares que hemos obtenido, nos han facilitado la compresi\u00f3n de qu\u00e9 debemos entender por \u201cVocaci\u00f3n Productiva\u201d; segundo, cu\u00e1l es la Vocaci\u00f3n Productiva espec\u00edfica para la Patagonia y el Norte Chico y; finalmente, c\u00f3mo simular y predecir el entramado productivo y posible desarrollo econ\u00f3mico para cada uno de \u00e9stos, a partir de las Vocaciones productivas detectadas en ellos<\/em>\u201d, indica Soza-Amigo.<\/p>\n\n\n\n<p>HALLAZGOS<\/p>\n\n\n\n<p>Claudio Mancilla y Luz Ferrada, acad\u00e9micos de la Universidad de Los Lagos, y que participan en el proyecto, indican que hay hallazgos que parecieran ser intuitivos para las regiones estudiadas. Sin embargo, las variables que son claves para impulsar el desarrollo econ\u00f3mico y, por lo tanto, las pol\u00edticas p\u00fablicas necesarias en cada territorio son diferentes.<\/p>\n\n\n\n<p>Por ejemplo, para el Norte Chico, su vocaci\u00f3n productiva est\u00e1 basada en la miner\u00eda, la que trae aparejada altos ingresos. Aqu\u00ed, las pol\u00edticas de desarrollo en el norte deben apuntar a generar y fortalecer emprendimientos relacionados con la miner\u00eda.<\/p>\n\n\n\n<p>En el caso de la Patagonia Chilena, su Vocaci\u00f3n Productiva est\u00e1 en sectores que tienen niveles de ingreso menores, tales como la agricultura, pesca e industria manufacturera. Sin embargo, aqu\u00ed las pol\u00edticas p\u00fablicas deber\u00edan pasar por la generaci\u00f3n de empleo en las comunas; en este sentido, y por ejemplo, pasa por las ayudas a la contrataci\u00f3n o incentivos para que la poblaci\u00f3n econ\u00f3micamente inactiva, se incorpore al mercado del trabajo.<\/p>\n\n\n\n<p>Hay otro aspecto importante a mencionar en base a los resultados; la Vocaci\u00f3n Productiva de la Patagonia obedece a actividades que usan recursos renovables; mientras que en la parte Norte del pa\u00eds, la miner\u00eda al ser una actividad extractiva y de recursos no renovables, su desarrollo puede ser m\u00e1s limitado en el tiempo.<\/p>\n\n\n\n<p>El hallazgo m\u00e1s general del proyecto, indica que cuando existe una estructura laboral que coincide con una estructura productiva, est\u00e1 la existencia de altas sensibilidades productivas (es decir que frente a peque\u00f1os incentivos, hay grandes cambios en la producci\u00f3n), y similitud en variados \u00e1mbitos entre las distintas \u00e1reas que conforman un territorio, la Vocaci\u00f3n Productiva contribuye al incremento de actividades econ\u00f3micas. Con ello, el desarrollo econ\u00f3mico de un \u00e1rea se sensibiliza y, dependiendo de la actividad, se favorecen el desarrollo sostenible del territorio.<\/p>\n\n\n\n<p>Soza-Amigos explica que hay otro hallazgo interesante:&nbsp;<em>\u201cLa productividad femenina, el producto interno bruto (PIB) y lo que se podr\u00eda llamar tasas de emprendimientos, inciden de distinta manera en el mercado laboral femenino. Esto es, la brecha laboral de g\u00e9nero es compleja, y su din\u00e1mica depende de la zona geogr\u00e1fica y del sector econ\u00f3mico que se considere. Es tan complejo, que incluso algunos cambios en las condiciones econ\u00f3micas pueden reducir la brecha de g\u00e9nero y, en otros, los mismos cambios pueden aumentarla<\/em>\u201d.<\/p>\n\n\n\n<p>Estos hallazgos preliminares, invitan a plantearse; entre otras preguntas, si las distintas Estrategias de Desarrollo Regional o Planes de Desarrollo Comunal (Pladecos), est\u00e1n realmente en sinton\u00eda con las posibles Vocaciones Productivas o, revisar y replantearse si el momento que se espera llegue el desarrollo econ\u00f3mico basados en una determinada actividad, es el adecuado y si la actividad en s\u00ed, es la id\u00f3nea. Esto lo plantea Soza-Amigo porque \u201c<em>se han observado algunas estrategias y planes de desarrollo que priorizan, solo a modo de ejemplo, el turismo, pero que, de acuerdo a lo observado, no muestran una verdadera Vocaci\u00f3n Productiva para ello, es decir, no hay un di\u00e1logo o relaci\u00f3n territorial entre lo que se dice y lo que se hace\u201d,<\/em>&nbsp;agrega.<\/p>\n\n\n\n<p>Seg\u00fan indican los investigadores, para determinar la Vocaci\u00f3n Productiva, se hace uso de distintas herramientas econ\u00f3micas y estad\u00edsticas, algunas muy simples, y otras algo m\u00e1s complejas, dada la multiplicidad de factores que se eval\u00faan de manera simult\u00e1nea. Adem\u00e1s, indican que la principal contribuci\u00f3n de aplicar el concepto, es que \u201c<em>puede servir para generar ahorro de recursos, ya que las inversiones e incentivos &nbsp;al ser m\u00e1s focalizados e identificadas sus consecuencias productivas, generan un desarrollo econ\u00f3mico que resulta ser m\u00e1s eficiente para los macroterritorios chilenos\u201d<\/em>.<\/p>\n","protected":false},"excerpt":{"rendered":"<p>Investigaci\u00f3n que ejecuta la Uach y la ULagos permite conocer a fondo los macroterritorios de la Patagonia y el Norte Chico para implementar mejores pol\u00edticas p\u00fablicas.<\/p>\n","protected":false},"author":1,"featured_media":21142,"comment_status":"closed","ping_status":"closed","sticky":false,"template":"","format":"standard","meta":{"footnotes":""},"categories":[2540,2541,6],"tags":[2118,337,273,247,133,520,84,829,297],"class_list":["post-21141","post","type-post","status-publish","format-standard","has-post-thumbnail","hentry","category-ciencia","category-investigacion","category-politica","tag-semanariolocal","tag-informacion","tag-noticias","tag-region-de-los-lagos","tag-semanario-local","tag-uach","tag-ulagos","tag-universidad-austral-de-chile","tag-universidad-de-los-lagos"],"_links":{"self":[{"href":"https:\/\/www.semanariolocal.cl\/index.php?rest_route=\/wp\/v2\/posts\/21141","targetHints":{"allow":["GET"]}}],"collection":[{"href":"https:\/\/www.semanariolocal.cl\/index.php?rest_route=\/wp\/v2\/posts"}],"about":[{"href":"https:\/\/www.semanariolocal.cl\/index.php?rest_route=\/wp\/v2\/types\/post"}],"author":[{"embeddable":true,"href":"https:\/\/www.semanariolocal.cl\/index.php?rest_route=\/wp\/v2\/users\/1"}],"replies":[{"embeddable":true,"href":"https:\/\/www.semanariolocal.cl\/index.php?rest_route=%2Fwp%2Fv2%2Fcomments&post=21141"}],"version-history":[{"count":1,"href":"https:\/\/www.semanariolocal.cl\/index.php?rest_route=\/wp\/v2\/posts\/21141\/revisions"}],"predecessor-version":[{"id":21143,"href":"https:\/\/www.semanariolocal.cl\/index.php?rest_route=\/wp\/v2\/posts\/21141\/revisions\/21143"}],"wp:featuredmedia":[{"embeddable":true,"href":"https:\/\/www.semanariolocal.cl\/index.php?rest_route=\/wp\/v2\/media\/21142"}],"wp:attachment":[{"href":"https:\/\/www.semanariolocal.cl\/index.php?rest_route=%2Fwp%2Fv2%2Fmedia&parent=21141"}],"wp:term":[{"taxonomy":"category","embeddable":true,"href":"https:\/\/www.semanariolocal.cl\/index.php?rest_route=%2Fwp%2Fv2%2Fcategories&post=21141"},{"taxonomy":"post_tag","embeddable":true,"href":"https:\/\/www.semanariolocal.cl\/index.php?rest_route=%2Fwp%2Fv2%2Ftags&post=21141"}],"curies":[{"name":"wp","href":"https:\/\/api.w.org\/{rel}","templated":true}]}}